{"id":231795,"date":"2025-10-09T16:38:46","date_gmt":"2025-10-09T23:38:46","guid":{"rendered":"https:\/\/rnoticias.com.mx\/Portal\/?p=231795"},"modified":"2025-10-09T16:38:46","modified_gmt":"2025-10-09T23:38:46","slug":"coparmex-advierte-riesgos-por-reforma-a-la-ley-de-amparo","status":"publish","type":"post","link":"https:\/\/rnoticias.com.mx\/Portal\/2025\/10\/09\/coparmex-advierte-riesgos-por-reforma-a-la-ley-de-amparo\/","title":{"rendered":"Coparmex advierte riesgos por reforma a la Ley de Amparo"},"content":{"rendered":"<p>El presidente nacional de la Confederaci\u00f3n Patronal de la Rep\u00fablica Mexicana (Coparmex), Juan Jos\u00e9 Sierra \u00c1lvarez, se\u00f1al\u00f3 que la reforma a la Ley de Amparo aprobada en el Senado representa un retroceso para el pa\u00eds, pues limita un instrumento clave de la justicia y pone en riesgo derechos fundamentales, la inversi\u00f3n y el empleo.<\/p>\n<p>&nbsp;<\/p>\n<p>Explic\u00f3 que, aunque se reconoce el inter\u00e9s leg\u00edtimo colectivo, comunidades y organizaciones sociales quedar\u00e1n sin defensa ante decisiones que afecten al medio ambiente, la salud o los derechos humanos.<\/p>\n<p>&nbsp;<\/p>\n<p>\u201cEn lugar de fortalecer uno de los instrumentos m\u00e1s valiosos de nuestra justicia, lo limita\u00a0y pone en riesgo derechos fundamentales. Se reconoce el inter\u00e9s leg\u00edtimo colectivo, pero sigue siendo insuficiente, comunidades y organizaciones sociales quedar\u00e1n sin defensa frente a decisiones que afectan\u00a0al medio ambiente, la salud o los derechos fundamentales\u201d, expres\u00f3.<\/p>\n<p>&nbsp;<\/p>\n<p>Adem\u00e1s, la restricci\u00f3n a la suspensi\u00f3n del acto reclamado podr\u00eda llevar a que un bloqueo de cuentas o un cr\u00e9dito fiscal obligue a cerrar empresas antes de que un juez resuelva, impactando a miles de empleos.<\/p>\n<p>&nbsp;<\/p>\n<p>Sierra \u00c1lvarez subray\u00f3 que las micro, peque\u00f1as y medianas empresas ser\u00edan las m\u00e1s golpeadas y advirti\u00f3 que aplicar la reforma de manera retroactiva rompe con la certeza jur\u00eddica.<\/p>\n<p><strong>\u00a0<\/strong><\/p>\n","protected":false},"excerpt":{"rendered":"<p>El presidente nacional de la Confederaci\u00f3n Patronal de la Rep\u00fablica Mexicana (Coparmex), Juan Jos\u00e9 Sierra \u00c1lvarez, se\u00f1al\u00f3 que la reforma a la Ley de Amparo aprobada en el Senado representa un retroceso para el pa\u00eds, pues limita un instrumento clave de la justicia y pone en riesgo derechos fundamentales, la inversi\u00f3n y el empleo. &nbsp; [&hellip;]<\/p>\n","protected":false},"author":2,"featured_media":231796,"comment_status":"closed","ping_status":"closed","sticky":false,"template":"","format":"standard","meta":{"footnotes":""},"categories":[12870,172],"tags":[12865,12874],"class_list":["post-231795","post","type-post","status-publish","format-standard","has-post-thumbnail","hentry","category-destacadas","category-nacional","tag-destacadas","tag-nacional"],"jetpack_featured_media_url":"https:\/\/rnoticias.com.mx\/Portal\/wp-content\/uploads\/2025\/10\/descarga-1.webp","amp_enabled":true,"_links":{"self":[{"href":"https:\/\/rnoticias.com.mx\/Portal\/wp-json\/wp\/v2\/posts\/231795","targetHints":{"allow":["GET"]}}],"collection":[{"href":"https:\/\/rnoticias.com.mx\/Portal\/wp-json\/wp\/v2\/posts"}],"about":[{"href":"https:\/\/rnoticias.com.mx\/Portal\/wp-json\/wp\/v2\/types\/post"}],"author":[{"embeddable":true,"href":"https:\/\/rnoticias.com.mx\/Portal\/wp-json\/wp\/v2\/users\/2"}],"replies":[{"embeddable":true,"href":"https:\/\/rnoticias.com.mx\/Portal\/wp-json\/wp\/v2\/comments?post=231795"}],"version-history":[{"count":1,"href":"https:\/\/rnoticias.com.mx\/Portal\/wp-json\/wp\/v2\/posts\/231795\/revisions"}],"predecessor-version":[{"id":231797,"href":"https:\/\/rnoticias.com.mx\/Portal\/wp-json\/wp\/v2\/posts\/231795\/revisions\/231797"}],"wp:featuredmedia":[{"embeddable":true,"href":"https:\/\/rnoticias.com.mx\/Portal\/wp-json\/wp\/v2\/media\/231796"}],"wp:attachment":[{"href":"https:\/\/rnoticias.com.mx\/Portal\/wp-json\/wp\/v2\/media?parent=231795"}],"wp:term":[{"taxonomy":"category","embeddable":true,"href":"https:\/\/rnoticias.com.mx\/Portal\/wp-json\/wp\/v2\/categories?post=231795"},{"taxonomy":"post_tag","embeddable":true,"href":"https:\/\/rnoticias.com.mx\/Portal\/wp-json\/wp\/v2\/tags?post=231795"}],"curies":[{"name":"wp","href":"https:\/\/api.w.org\/{rel}","templated":true}]}}