{"id":231783,"date":"2025-10-09T16:09:00","date_gmt":"2025-10-09T23:09:00","guid":{"rendered":"https:\/\/rnoticias.com.mx\/Portal\/?p=231783"},"modified":"2025-10-09T16:09:00","modified_gmt":"2025-10-09T23:09:00","slug":"invitan-al-segundo-concurso-de-fotografia-kino-limpio-y-seguro","status":"publish","type":"post","link":"https:\/\/rnoticias.com.mx\/Portal\/2025\/10\/09\/invitan-al-segundo-concurso-de-fotografia-kino-limpio-y-seguro\/","title":{"rendered":"Invitan al segundo Concurso de Fotograf\u00eda \u201cKino Limpio y Seguro\u201d"},"content":{"rendered":"<p>Con el objetivo de promover diferentes valores, el Patronato Kino Limpio y Seguro lanz\u00f3 la segunda edici\u00f3n de su Concurso de Fotograf\u00eda, inform\u00f3 Alain Ballesteros, secretario voluntario del organismo.<\/p>\n<p>&nbsp;<\/p>\n<p>Explic\u00f3 que esta iniciativa naci\u00f3 el a\u00f1o pasado por propuesta de integrantes del Consejo del Patronato, como una forma de fomentar la participaci\u00f3n ciudadana y el aprecio por el entorno natural de Bah\u00eda de Kino.<\/p>\n<p>&nbsp;<\/p>\n<p>\u201cEste a\u00f1o va a ser el segundo concurso de fotograf\u00eda donde\u00a0tenemos la oportunidad de, en dos categor\u00edas, tanto profesional como\u00a0amateur, participar con sus mejores fotos cada quien en tres temas.\u00a0Como te mencionaba, es el tema de la naturaleza, el tema de la ecolog\u00eda y el\u00a0turismo\u201d, coment\u00f3.<\/p>\n<p>&nbsp;<\/p>\n<p>Las fotograf\u00edas pueden enviarse al correo kinolimpioseguro@gmail.com antes del 10 de octubre, y los ganadores se dar\u00e1n a conocer el domingo 19 durante un evento en las oficinas del Patronato, en Bah\u00eda de Kino.<\/p>\n<p>&nbsp;<\/p>\n<p>La premiaci\u00f3n formar\u00e1 parte del KinoFest 2025 y contar\u00e1 con la presencia de autoridades, patrocinadores y m\u00fasica en vivo.<\/p>\n<p>&nbsp;<\/p>\n<p>Finalmente, Ballesteros invit\u00f3 a la comunidad a seguir las redes sociales del Patronato, donde se est\u00e1n publicando algunas de las im\u00e1genes participantes.<\/p>\n<p>&nbsp;<\/p>\n","protected":false},"excerpt":{"rendered":"<p>Con el objetivo de promover diferentes valores, el Patronato Kino Limpio y Seguro lanz\u00f3 la segunda edici\u00f3n de su Concurso de Fotograf\u00eda, inform\u00f3 Alain Ballesteros, secretario voluntario del organismo. &nbsp; Explic\u00f3 que esta iniciativa naci\u00f3 el a\u00f1o pasado por propuesta de integrantes del Consejo del Patronato, como una forma de fomentar la participaci\u00f3n ciudadana y [&hellip;]<\/p>\n","protected":false},"author":2,"featured_media":231784,"comment_status":"closed","ping_status":"closed","sticky":false,"template":"","format":"standard","meta":{"footnotes":""},"categories":[12870,178],"tags":[12865,12869],"class_list":["post-231783","post","type-post","status-publish","format-standard","has-post-thumbnail","hentry","category-destacadas","category-local","tag-destacadas","tag-local"],"jetpack_featured_media_url":"https:\/\/rnoticias.com.mx\/Portal\/wp-content\/uploads\/2025\/10\/e2e21eb1-e5a5-42d7-9e93-fc8e4faf80f2.jpeg","amp_enabled":true,"_links":{"self":[{"href":"https:\/\/rnoticias.com.mx\/Portal\/wp-json\/wp\/v2\/posts\/231783","targetHints":{"allow":["GET"]}}],"collection":[{"href":"https:\/\/rnoticias.com.mx\/Portal\/wp-json\/wp\/v2\/posts"}],"about":[{"href":"https:\/\/rnoticias.com.mx\/Portal\/wp-json\/wp\/v2\/types\/post"}],"author":[{"embeddable":true,"href":"https:\/\/rnoticias.com.mx\/Portal\/wp-json\/wp\/v2\/users\/2"}],"replies":[{"embeddable":true,"href":"https:\/\/rnoticias.com.mx\/Portal\/wp-json\/wp\/v2\/comments?post=231783"}],"version-history":[{"count":1,"href":"https:\/\/rnoticias.com.mx\/Portal\/wp-json\/wp\/v2\/posts\/231783\/revisions"}],"predecessor-version":[{"id":231785,"href":"https:\/\/rnoticias.com.mx\/Portal\/wp-json\/wp\/v2\/posts\/231783\/revisions\/231785"}],"wp:featuredmedia":[{"embeddable":true,"href":"https:\/\/rnoticias.com.mx\/Portal\/wp-json\/wp\/v2\/media\/231784"}],"wp:attachment":[{"href":"https:\/\/rnoticias.com.mx\/Portal\/wp-json\/wp\/v2\/media?parent=231783"}],"wp:term":[{"taxonomy":"category","embeddable":true,"href":"https:\/\/rnoticias.com.mx\/Portal\/wp-json\/wp\/v2\/categories?post=231783"},{"taxonomy":"post_tag","embeddable":true,"href":"https:\/\/rnoticias.com.mx\/Portal\/wp-json\/wp\/v2\/tags?post=231783"}],"curies":[{"name":"wp","href":"https:\/\/api.w.org\/{rel}","templated":true}]}}