{"id":231774,"date":"2025-10-09T12:26:10","date_gmt":"2025-10-09T19:26:10","guid":{"rendered":"https:\/\/rnoticias.com.mx\/Portal\/?p=231774"},"modified":"2025-10-09T12:26:10","modified_gmt":"2025-10-09T19:26:10","slug":"terna-de-sonorenses-aporta-para-que-mexico-logre-plazas-a-jcc-en-tiro","status":"publish","type":"post","link":"https:\/\/rnoticias.com.mx\/Portal\/2025\/10\/09\/terna-de-sonorenses-aporta-para-que-mexico-logre-plazas-a-jcc-en-tiro\/","title":{"rendered":"Terna de sonorenses aporta para que M\u00e9xico logre plazas a JCC en Tiro"},"content":{"rendered":"<p align=\"justify\">Hermosillo, Sonora, 9 de octubre del 2025.- Los sonorenses Andrea y Sof\u00eda Ibarra, adem\u00e1s de David Valdez, fueron parte fundamental para que el selectivo mexicano de tiro deportivo lograra conseguir todas las cuotas disponibles \u2013individuales y en equipo- rumbo a los Juegos Centroamericanos y del Caribe 2026.<\/p>\n<p align=\"justify\">Las plazas \u2013aun sin nombres- las obtuvo la selecci\u00f3n nacional en el Campeonato Centroamericano y del Caribe que se desarroll\u00f3 en San Salvador, El Salvador, ya que el evento entreg\u00f3 boletos a los pr\u00f3ximos JCC a realizarse el a\u00f1o entrante en Santo Domingo, Rep\u00fablica Dominicana.<\/p>\n<p align=\"justify\">En ese certamen internacional, Andrea Victoria Ibarra Miranda conquist\u00f3 par de podios: segundo sitio en pistola aire 10 metros y tercero en la modalidad deportiva (25 metros), para asegurarle a M\u00e9xico dos lugares centroamericanos.<\/p>\n<p align=\"justify\">Por su parte, Sof\u00eda Ibarra y David Valdez Mouet tambi\u00e9n aportaron su talento, pues, al ubicarse entre los 13 primeros sitios individuales de pistola aire (en cada rama), amarraron pases a JCC, asimismo, el pistolero deportivo sonorense sum\u00f3 otra cuota m\u00e1s para nuestro pa\u00eds, en la modalidad r\u00e1pida, despu\u00e9s de terminar dentro de ese mismo rango en el ranking varonil.<\/p>\n<p align=\"justify\">Adem\u00e1s, en las competencias en Equipos, los sonorenses colaboraron para que M\u00e9xico se agenciara tres medallas de oro; de hecho, en la terna femenil de pistola aire, estuvieron las hermanas Andrea y Sof\u00eda Ibarra, al lado de Alejandra Zavala.<\/p>\n<p align=\"justify\">Posteriormente, Andrea Victoria, junto a Zavala y Elba Vega, tambi\u00e9n gan\u00f3 el metal m\u00e1s preciado en pistola deportiva femenina, a su vez, David Valdez integr\u00f3 la terna varonil que conquist\u00f3 el oro en la especialidad de aire varonil, en donde comparti\u00f3 cr\u00e9ditos con Carlos Gonz\u00e1lez y Daniel Urquiza.<\/p>\n<p align=\"justify\">Aunque las plazas ya est\u00e1n en poder de M\u00e9xico, no ser\u00e1 sino hasta el a\u00f1o pr\u00f3ximo, por medio de un selectivo de la Federaci\u00f3n Mexicana de Tiro Deportivo, cuando quede definido el equipo azteca, tanto varonil como femenil, que nos representar\u00e1 en los Juegos Centroamericanos y del Caribe Santo Domingo 2026.<\/p>\n","protected":false},"excerpt":{"rendered":"<p>Hermosillo, Sonora, 9 de octubre del 2025.- Los sonorenses Andrea y Sof\u00eda Ibarra, adem\u00e1s de David Valdez, fueron parte fundamental para que el selectivo mexicano de tiro deportivo lograra conseguir todas las cuotas disponibles \u2013individuales y en equipo- rumbo a los Juegos Centroamericanos y del Caribe 2026. Las plazas \u2013aun sin nombres- las obtuvo la [&hellip;]<\/p>\n","protected":false},"author":2,"featured_media":231775,"comment_status":"closed","ping_status":"closed","sticky":false,"template":"","format":"standard","meta":{"footnotes":""},"categories":[188,12870],"tags":[5231,12865],"class_list":["post-231774","post","type-post","status-publish","format-standard","has-post-thumbnail","hentry","category-deportes","category-destacadas","tag-deportes","tag-destacadas"],"jetpack_featured_media_url":"https:\/\/rnoticias.com.mx\/Portal\/wp-content\/uploads\/2025\/10\/unnamed-1-8.jpg","amp_enabled":true,"_links":{"self":[{"href":"https:\/\/rnoticias.com.mx\/Portal\/wp-json\/wp\/v2\/posts\/231774","targetHints":{"allow":["GET"]}}],"collection":[{"href":"https:\/\/rnoticias.com.mx\/Portal\/wp-json\/wp\/v2\/posts"}],"about":[{"href":"https:\/\/rnoticias.com.mx\/Portal\/wp-json\/wp\/v2\/types\/post"}],"author":[{"embeddable":true,"href":"https:\/\/rnoticias.com.mx\/Portal\/wp-json\/wp\/v2\/users\/2"}],"replies":[{"embeddable":true,"href":"https:\/\/rnoticias.com.mx\/Portal\/wp-json\/wp\/v2\/comments?post=231774"}],"version-history":[{"count":1,"href":"https:\/\/rnoticias.com.mx\/Portal\/wp-json\/wp\/v2\/posts\/231774\/revisions"}],"predecessor-version":[{"id":231776,"href":"https:\/\/rnoticias.com.mx\/Portal\/wp-json\/wp\/v2\/posts\/231774\/revisions\/231776"}],"wp:featuredmedia":[{"embeddable":true,"href":"https:\/\/rnoticias.com.mx\/Portal\/wp-json\/wp\/v2\/media\/231775"}],"wp:attachment":[{"href":"https:\/\/rnoticias.com.mx\/Portal\/wp-json\/wp\/v2\/media?parent=231774"}],"wp:term":[{"taxonomy":"category","embeddable":true,"href":"https:\/\/rnoticias.com.mx\/Portal\/wp-json\/wp\/v2\/categories?post=231774"},{"taxonomy":"post_tag","embeddable":true,"href":"https:\/\/rnoticias.com.mx\/Portal\/wp-json\/wp\/v2\/tags?post=231774"}],"curies":[{"name":"wp","href":"https:\/\/api.w.org\/{rel}","templated":true}]}}