{"id":231771,"date":"2025-10-09T12:25:18","date_gmt":"2025-10-09T19:25:18","guid":{"rendered":"https:\/\/rnoticias.com.mx\/Portal\/?p=231771"},"modified":"2025-10-09T12:25:18","modified_gmt":"2025-10-09T19:25:18","slug":"gobierno-de-sonora-invita-al-festival-xepe-an-coicoos-edicion-especial-xica-en-el-bosque-urbano-la-sauceda","status":"publish","type":"post","link":"https:\/\/rnoticias.com.mx\/Portal\/2025\/10\/09\/gobierno-de-sonora-invita-al-festival-xepe-an-coicoos-edicion-especial-xica-en-el-bosque-urbano-la-sauceda\/","title":{"rendered":"Gobierno de Sonora invita al Festival Xepe an C\u00f6icoos Edici\u00f3n Especial XICA en el Bosque Urbano La Sauceda"},"content":{"rendered":"<p>Hermosillo, Sonora; 9 de octubre de 2025.- El Gobierno de Sonora, a trav\u00e9s del Bosque Urbano La Sauceda, invita a toda la comunidad a disfrutar este fin de semana del Festival Xepe an C\u00f6icoos \u2013 Edici\u00f3n Especial XICA, en conmemoraci\u00f3n del 30 aniversario del colectivo Hamac Caziim, un encuentro lleno de arte, tradici\u00f3n y cultura ind\u00edgena.<\/p>\n<p>El s\u00e1bado 11 de octubre, a partir de las 16:00 horas, el Foro al Aire Libre de La Sauceda ser\u00e1 escenario de una jornada cultural con ceremonia de apertura, bazar artesanal, exposici\u00f3n fotogr\u00e1fica, talleres, m\u00fasica tradicional, danza, arte y moda seri, adem\u00e1s de la proyecci\u00f3n del documental \u201cHamac Caziim \u2013 Fuego Divino\u201d y una degustaci\u00f3n gastron\u00f3mica. Tambi\u00e9n habr\u00e1 actividades familiares como t\u00edteres, juegos tradicionales y rodada ciclista, entre muchas m\u00e1s.<\/p>\n<p>El domingo 12 de octubre, desde las 11:11 horas, las actividades continuar\u00e1n con una programaci\u00f3n especial que incluye el C\u00edrculo de Palabra (concierto ac\u00fastico), Danza del Venado Yaqui, muestra gastron\u00f3mica yaqui y m\u00fasica en vivo con Atm\u00f3sfera Org\u00e1nica.<\/p>\n<p>Por la tarde, a partir de las 16:00 horas, se llevar\u00e1 a cabo una edici\u00f3n muy especial del Domingo Chill, con bazar cultural, talleres al vuelo, exposici\u00f3n de t\u00edteres, lienzos en resistencia, m\u00fasica tradicional, ceremonia de entrega de reconocimientos y expo venta de artesan\u00eda seri, mayo y yaqui.<\/p>\n<p>El Festival Xepe an C\u00f6icoos es un evento gratuito y familiar que celebra la diversidad cultural de Sonora y promueve la convivencia, el arte y el respeto por las ra\u00edces ind\u00edgenas.<\/p>\n<p>El Gobierno de Sonora reafirma su compromiso con el impulso de la cultura, la identidad y la regeneraci\u00f3n del Bosque Urbano La Sauceda como un espacio vivo para todas y todos.<\/p>\n","protected":false},"excerpt":{"rendered":"<p>Hermosillo, Sonora; 9 de octubre de 2025.- El Gobierno de Sonora, a trav\u00e9s del Bosque Urbano La Sauceda, invita a toda la comunidad a disfrutar este fin de semana del Festival Xepe an C\u00f6icoos \u2013 Edici\u00f3n Especial XICA, en conmemoraci\u00f3n del 30 aniversario del colectivo Hamac Caziim, un encuentro lleno de arte, tradici\u00f3n y cultura [&hellip;]<\/p>\n","protected":false},"author":2,"featured_media":231772,"comment_status":"closed","ping_status":"closed","sticky":false,"template":"","format":"standard","meta":{"footnotes":""},"categories":[12870,178],"tags":[12865,12869],"class_list":["post-231771","post","type-post","status-publish","format-standard","has-post-thumbnail","hentry","category-destacadas","category-local","tag-destacadas","tag-local"],"jetpack_featured_media_url":"https:\/\/rnoticias.com.mx\/Portal\/wp-content\/uploads\/2025\/10\/unnamed-21.jpg","amp_enabled":true,"_links":{"self":[{"href":"https:\/\/rnoticias.com.mx\/Portal\/wp-json\/wp\/v2\/posts\/231771","targetHints":{"allow":["GET"]}}],"collection":[{"href":"https:\/\/rnoticias.com.mx\/Portal\/wp-json\/wp\/v2\/posts"}],"about":[{"href":"https:\/\/rnoticias.com.mx\/Portal\/wp-json\/wp\/v2\/types\/post"}],"author":[{"embeddable":true,"href":"https:\/\/rnoticias.com.mx\/Portal\/wp-json\/wp\/v2\/users\/2"}],"replies":[{"embeddable":true,"href":"https:\/\/rnoticias.com.mx\/Portal\/wp-json\/wp\/v2\/comments?post=231771"}],"version-history":[{"count":1,"href":"https:\/\/rnoticias.com.mx\/Portal\/wp-json\/wp\/v2\/posts\/231771\/revisions"}],"predecessor-version":[{"id":231773,"href":"https:\/\/rnoticias.com.mx\/Portal\/wp-json\/wp\/v2\/posts\/231771\/revisions\/231773"}],"wp:featuredmedia":[{"embeddable":true,"href":"https:\/\/rnoticias.com.mx\/Portal\/wp-json\/wp\/v2\/media\/231772"}],"wp:attachment":[{"href":"https:\/\/rnoticias.com.mx\/Portal\/wp-json\/wp\/v2\/media?parent=231771"}],"wp:term":[{"taxonomy":"category","embeddable":true,"href":"https:\/\/rnoticias.com.mx\/Portal\/wp-json\/wp\/v2\/categories?post=231771"},{"taxonomy":"post_tag","embeddable":true,"href":"https:\/\/rnoticias.com.mx\/Portal\/wp-json\/wp\/v2\/tags?post=231771"}],"curies":[{"name":"wp","href":"https:\/\/api.w.org\/{rel}","templated":true}]}}