{"id":231764,"date":"2025-10-09T12:20:01","date_gmt":"2025-10-09T19:20:01","guid":{"rendered":"https:\/\/rnoticias.com.mx\/Portal\/?p=231764"},"modified":"2025-10-09T12:20:01","modified_gmt":"2025-10-09T19:20:01","slug":"se-forma-depresion-tropical-diecisiete-e-en-el-pacifico-seria-ciclon-raymond","status":"publish","type":"post","link":"https:\/\/rnoticias.com.mx\/Portal\/2025\/10\/09\/se-forma-depresion-tropical-diecisiete-e-en-el-pacifico-seria-ciclon-raymond\/","title":{"rendered":"Se forma depresi\u00f3n tropical Diecisiete-E en el Pac\u00edfico, ser\u00eda cicl\u00f3n Raymond"},"content":{"rendered":"<p>Este jueves se form\u00f3 la\u00a0<strong>depresi\u00f3n tropical Diecisiete<\/strong>&#8211;<strong>E<\/strong>\u00a0frente a las costas de\u00a0<strong>Guerrero<\/strong>\u00a0y se prev\u00e9 que su trayectoria sea paralela al\u00a0<strong>Pac\u00edfico mexicano<\/strong>, inform\u00f3 el\u00a0<strong>Servicio Meteorol\u00f3gico Nacional<\/strong>\u00a0(SMN).<\/p>\n<p>El centro de Diecisiete-E se localiza a 110 kil\u00f3metros al sur de\u00a0<strong>T\u00e9cpan de Galeana<\/strong>\u00a0y a 185 kil\u00f3metros al sur-sureste de\u00a0<strong>Zihuatanejo<\/strong>, Guerrero, con rachas de viento de hasta 75 kil\u00f3metros. Adem\u00e1s, se desplaza hacia el oeste-noroeste a 22 kil\u00f3metros por hora.<\/p>\n<p>De acuerdo con el SMN, el paso de la depresi\u00f3n tropical causar\u00e1 precipitaciones en estados que se sit\u00faan en la costa del Pac\u00edfico: en el suroeste y en zonas costeras de Guerrero, adem\u00e1s de las de Michoac\u00e1n, se esperan\u00a0<strong>lluvias torrenciales<\/strong>\u00a0de 150 a 250 mil\u00edmetros de agua acumulada.<\/p>\n<p>Por ello, las autoridades establecieron una\u00a0<strong>zona de vigilancia<\/strong>\u00a0desde Zihuatanejo, Guerrero, hasta Cabo Corrientes,\u00a0<strong>Jalisco<\/strong>. El sistema tiene potencial para convertirse en la\u00a0<strong>Tormenta Tropical Raymond\u00a0<\/strong>durante la tarde de este jueves.<\/p>\n<div class=\"twitter-tweet twitter-tweet-rendered\"><\/div>\n<p>&nbsp;<\/p>\n<p>Fuente: el financiero<\/p>\n","protected":false},"excerpt":{"rendered":"<p>Este jueves se form\u00f3 la\u00a0depresi\u00f3n tropical Diecisiete&#8211;E\u00a0frente a las costas de\u00a0Guerrero\u00a0y se prev\u00e9 que su trayectoria sea paralela al\u00a0Pac\u00edfico mexicano, inform\u00f3 el\u00a0Servicio Meteorol\u00f3gico Nacional\u00a0(SMN). El centro de Diecisiete-E se localiza a 110 kil\u00f3metros al sur de\u00a0T\u00e9cpan de Galeana\u00a0y a 185 kil\u00f3metros al sur-sureste de\u00a0Zihuatanejo, Guerrero, con rachas de viento de hasta 75 kil\u00f3metros. Adem\u00e1s, se [&hellip;]<\/p>\n","protected":false},"author":2,"featured_media":231765,"comment_status":"closed","ping_status":"closed","sticky":false,"template":"","format":"standard","meta":{"footnotes":""},"categories":[12870,172],"tags":[12865,12874],"class_list":["post-231764","post","type-post","status-publish","format-standard","has-post-thumbnail","hentry","category-destacadas","category-nacional","tag-destacadas","tag-nacional"],"jetpack_featured_media_url":"https:\/\/rnoticias.com.mx\/Portal\/wp-content\/uploads\/2025\/10\/raymond-tormenta-d1a8a82c-focus-0-0-966-544.webp","amp_enabled":true,"_links":{"self":[{"href":"https:\/\/rnoticias.com.mx\/Portal\/wp-json\/wp\/v2\/posts\/231764","targetHints":{"allow":["GET"]}}],"collection":[{"href":"https:\/\/rnoticias.com.mx\/Portal\/wp-json\/wp\/v2\/posts"}],"about":[{"href":"https:\/\/rnoticias.com.mx\/Portal\/wp-json\/wp\/v2\/types\/post"}],"author":[{"embeddable":true,"href":"https:\/\/rnoticias.com.mx\/Portal\/wp-json\/wp\/v2\/users\/2"}],"replies":[{"embeddable":true,"href":"https:\/\/rnoticias.com.mx\/Portal\/wp-json\/wp\/v2\/comments?post=231764"}],"version-history":[{"count":1,"href":"https:\/\/rnoticias.com.mx\/Portal\/wp-json\/wp\/v2\/posts\/231764\/revisions"}],"predecessor-version":[{"id":231766,"href":"https:\/\/rnoticias.com.mx\/Portal\/wp-json\/wp\/v2\/posts\/231764\/revisions\/231766"}],"wp:featuredmedia":[{"embeddable":true,"href":"https:\/\/rnoticias.com.mx\/Portal\/wp-json\/wp\/v2\/media\/231765"}],"wp:attachment":[{"href":"https:\/\/rnoticias.com.mx\/Portal\/wp-json\/wp\/v2\/media?parent=231764"}],"wp:term":[{"taxonomy":"category","embeddable":true,"href":"https:\/\/rnoticias.com.mx\/Portal\/wp-json\/wp\/v2\/categories?post=231764"},{"taxonomy":"post_tag","embeddable":true,"href":"https:\/\/rnoticias.com.mx\/Portal\/wp-json\/wp\/v2\/tags?post=231764"}],"curies":[{"name":"wp","href":"https:\/\/api.w.org\/{rel}","templated":true}]}}