{"id":231751,"date":"2025-10-09T08:16:58","date_gmt":"2025-10-09T15:16:58","guid":{"rendered":"https:\/\/rnoticias.com.mx\/Portal\/?p=231751"},"modified":"2025-10-09T08:16:58","modified_gmt":"2025-10-09T15:16:58","slug":"llama-gobierno-de-sonora-a-priorizar-la-salud-mental-durante-este-mes","status":"publish","type":"post","link":"https:\/\/rnoticias.com.mx\/Portal\/2025\/10\/09\/llama-gobierno-de-sonora-a-priorizar-la-salud-mental-durante-este-mes\/","title":{"rendered":"Llama Gobierno de Sonora a priorizar la salud mental durante este mes"},"content":{"rendered":"<p>Hermosillo, Sonora; 9 de octubre de 2025.- En el marco del Mes de la Concientizaci\u00f3n sobre la Salud Mental, el Gobierno de Sonora, a trav\u00e9s de la Secretar\u00eda de Salud, enfatiz\u00f3 la relevancia de fortalecer las acciones de prevenci\u00f3n, detecci\u00f3n y atenci\u00f3n oportuna de los trastornos mentales, con especial atenci\u00f3n en la ansiedad y la depresi\u00f3n.<\/p>\n<p>La directora de Gesti\u00f3n de Servicios de la Direcci\u00f3n de Salud Mental y Adicciones, M\u00f3nica De la Torre Ramos, coment\u00f3 que ambos padecimientos se han incrementado en los \u00faltimos a\u00f1os como resultado de factores biol\u00f3gicos, sociales y relacionados con los estilos de vida contempor\u00e1neos.<\/p>\n<p>\u201cEl entorno globalizado y la constante comparaci\u00f3n entre estilos de vida generan condiciones propicias para el desarrollo de ansiedad y depresi\u00f3n, particularmente en la poblaci\u00f3n joven\u201d, puntualiz\u00f3.<\/p>\n<p>Asimismo, explic\u00f3 que identificar los signos tempranos de ansiedad y depresi\u00f3n es esencial para intervenir de forma oportuna. Entre los principales indicadores se encuentran el aislamiento social, la p\u00e9rdida de inter\u00e9s en actividades cotidianas, el descuido del aspecto f\u00edsico, los cambios en el apetito, la irritabilidad, el ausentismo escolar o laboral y la disminuci\u00f3n de la productividad.<\/p>\n<p>En este contexto, los Centros Comunitarios de Salud Mental y Adicciones (Cecosama) constituyen una pieza clave en la atenci\u00f3n integral de la salud mental en el estado, al brindar atenci\u00f3n gratuita a partir de los 12 a\u00f1os de edad, sin requerir derechohabiencia, de lunes a viernes a partir de las 7:00 horas.<\/p>\n<p>Actualmente, en Sonora operan 11 Cecosama: dos en Ciudad Obreg\u00f3n y dos en Hermosillo, as\u00ed como uno en los municipios de Guaymas, Puerto Pe\u00f1asco, Caborca, Agua Prieta y Navojoa, lo que permite una mayor cobertura y accesibilidad para la poblaci\u00f3n. Por ello, durante este mes, la Secretar\u00eda de Salud reafirma su llamado a la sociedad para fomentar espacios de escucha, comprensi\u00f3n y apoyo mutuo.<\/p>\n","protected":false},"excerpt":{"rendered":"<p>Hermosillo, Sonora; 9 de octubre de 2025.- En el marco del Mes de la Concientizaci\u00f3n sobre la Salud Mental, el Gobierno de Sonora, a trav\u00e9s de la Secretar\u00eda de Salud, enfatiz\u00f3 la relevancia de fortalecer las acciones de prevenci\u00f3n, detecci\u00f3n y atenci\u00f3n oportuna de los trastornos mentales, con especial atenci\u00f3n en la ansiedad y la [&hellip;]<\/p>\n","protected":false},"author":2,"featured_media":231752,"comment_status":"closed","ping_status":"closed","sticky":false,"template":"","format":"standard","meta":{"footnotes":""},"categories":[12870,178],"tags":[12865,12869],"class_list":["post-231751","post","type-post","status-publish","format-standard","has-post-thumbnail","hentry","category-destacadas","category-local","tag-destacadas","tag-local"],"jetpack_featured_media_url":"https:\/\/rnoticias.com.mx\/Portal\/wp-content\/uploads\/2025\/10\/unnamed-20.jpg","amp_enabled":true,"_links":{"self":[{"href":"https:\/\/rnoticias.com.mx\/Portal\/wp-json\/wp\/v2\/posts\/231751","targetHints":{"allow":["GET"]}}],"collection":[{"href":"https:\/\/rnoticias.com.mx\/Portal\/wp-json\/wp\/v2\/posts"}],"about":[{"href":"https:\/\/rnoticias.com.mx\/Portal\/wp-json\/wp\/v2\/types\/post"}],"author":[{"embeddable":true,"href":"https:\/\/rnoticias.com.mx\/Portal\/wp-json\/wp\/v2\/users\/2"}],"replies":[{"embeddable":true,"href":"https:\/\/rnoticias.com.mx\/Portal\/wp-json\/wp\/v2\/comments?post=231751"}],"version-history":[{"count":1,"href":"https:\/\/rnoticias.com.mx\/Portal\/wp-json\/wp\/v2\/posts\/231751\/revisions"}],"predecessor-version":[{"id":231753,"href":"https:\/\/rnoticias.com.mx\/Portal\/wp-json\/wp\/v2\/posts\/231751\/revisions\/231753"}],"wp:featuredmedia":[{"embeddable":true,"href":"https:\/\/rnoticias.com.mx\/Portal\/wp-json\/wp\/v2\/media\/231752"}],"wp:attachment":[{"href":"https:\/\/rnoticias.com.mx\/Portal\/wp-json\/wp\/v2\/media?parent=231751"}],"wp:term":[{"taxonomy":"category","embeddable":true,"href":"https:\/\/rnoticias.com.mx\/Portal\/wp-json\/wp\/v2\/categories?post=231751"},{"taxonomy":"post_tag","embeddable":true,"href":"https:\/\/rnoticias.com.mx\/Portal\/wp-json\/wp\/v2\/tags?post=231751"}],"curies":[{"name":"wp","href":"https:\/\/api.w.org\/{rel}","templated":true}]}}