{"id":231740,"date":"2025-10-08T19:55:18","date_gmt":"2025-10-09T02:55:18","guid":{"rendered":"https:\/\/rnoticias.com.mx\/Portal\/?p=231740"},"modified":"2025-10-08T19:55:18","modified_gmt":"2025-10-09T02:55:18","slug":"norona-vuelve-a-estar-en-el-ojo-del-huracan-por-rentar-avion-privado","status":"publish","type":"post","link":"https:\/\/rnoticias.com.mx\/Portal\/2025\/10\/08\/norona-vuelve-a-estar-en-el-ojo-del-huracan-por-rentar-avion-privado\/","title":{"rendered":"Noro\u00f1a vuelve a estar en el ojo del hurac\u00e1n por rentar avi\u00f3n privado"},"content":{"rendered":"<p><strong>Gerardo Fern\u00e1ndez Noro\u00f1a<\/strong>, senador por\u00a0<strong>Morena<\/strong>, volvi\u00f3 a estar en el ojo del hurac\u00e1n luego de que medios informaran que\u00a0<strong>habr\u00eda rentado un avi\u00f3n ejecutivo Socata TBM-850 para realizar una gira por Coahuila<\/strong>, visitando Torre\u00f3n, Piedras Negras y Ciudad Acu\u00f1a. El vuelo, con paradas m\u00faltiples y una noche de pernocta, ascendi\u00f3 a\u00a0<strong>aproximadamente 14 000 d\u00f3lares<\/strong>, es decir,\u00a0<strong>cerca de 280 000 pesos<\/strong>\u00a0seg\u00fan el tipo de cambio reportado.<\/p>\n<p>El\u00a0<strong>costo por hora<\/strong>\u00a0de dicha aeronave se estima en\u00a0<strong>2 mil d\u00f3lares<\/strong>, lo que revela el contraste entre ese tipo de traslado y el salario mensual que el legislador declara recibir. Dicha discrepancia ha generado cr\u00edticas donde se cuestiona la congruencia entre su estilo de vida y los principios de austeridad promovidos por la Cuarta Transformaci\u00f3n.<\/p>\n<p>Este episodio no es aislado: en ocasiones anteriores,\u00a0<strong>Noro\u00f1a fue criticado por viajar en clase business a reuniones internacionales y por adquirir propiedades de alto valor sin transparencia en registros catastrales<\/strong>. La utilizaci\u00f3n de un jet privado en esta gira representa una nueva tensi\u00f3n entre su pr\u00e1ctica pol\u00edtica y la imagen p\u00fablica que su partido busca proyectar.<\/p>\n<p>Las cr\u00edticas han surgido desde diversos sectores que demandan que los servidores p\u00fablicos act\u00faen con sobriedad. En este contexto,\u00a0<strong>la pol\u00e9mica gira alrededor de si el gasto debe ser justificado ante la ciudadan\u00eda o si contraviene el esp\u00edritu de austeridad al que Morena se ha comprometido p\u00fablicamente<\/strong>.<\/p>\n<p>&nbsp;<\/p>\n<p>Fuente: El Financiero<\/p>\n","protected":false},"excerpt":{"rendered":"<p>Gerardo Fern\u00e1ndez Noro\u00f1a, senador por\u00a0Morena, volvi\u00f3 a estar en el ojo del hurac\u00e1n luego de que medios informaran que\u00a0habr\u00eda rentado un avi\u00f3n ejecutivo Socata TBM-850 para realizar una gira por Coahuila, visitando Torre\u00f3n, Piedras Negras y Ciudad Acu\u00f1a. El vuelo, con paradas m\u00faltiples y una noche de pernocta, ascendi\u00f3 a\u00a0aproximadamente 14 000 d\u00f3lares, es decir,\u00a0cerca [&hellip;]<\/p>\n","protected":false},"author":2,"featured_media":231741,"comment_status":"closed","ping_status":"closed","sticky":false,"template":"","format":"standard","meta":{"footnotes":""},"categories":[12870,12868],"tags":[12865,12879],"class_list":["post-231740","post","type-post","status-publish","format-standard","has-post-thumbnail","hentry","category-destacadas","category-politica","tag-destacadas","tag-politica"],"jetpack_featured_media_url":"https:\/\/rnoticias.com.mx\/Portal\/wp-content\/uploads\/2025\/10\/VIAJENORONA.jpg","amp_enabled":true,"_links":{"self":[{"href":"https:\/\/rnoticias.com.mx\/Portal\/wp-json\/wp\/v2\/posts\/231740","targetHints":{"allow":["GET"]}}],"collection":[{"href":"https:\/\/rnoticias.com.mx\/Portal\/wp-json\/wp\/v2\/posts"}],"about":[{"href":"https:\/\/rnoticias.com.mx\/Portal\/wp-json\/wp\/v2\/types\/post"}],"author":[{"embeddable":true,"href":"https:\/\/rnoticias.com.mx\/Portal\/wp-json\/wp\/v2\/users\/2"}],"replies":[{"embeddable":true,"href":"https:\/\/rnoticias.com.mx\/Portal\/wp-json\/wp\/v2\/comments?post=231740"}],"version-history":[{"count":1,"href":"https:\/\/rnoticias.com.mx\/Portal\/wp-json\/wp\/v2\/posts\/231740\/revisions"}],"predecessor-version":[{"id":231742,"href":"https:\/\/rnoticias.com.mx\/Portal\/wp-json\/wp\/v2\/posts\/231740\/revisions\/231742"}],"wp:featuredmedia":[{"embeddable":true,"href":"https:\/\/rnoticias.com.mx\/Portal\/wp-json\/wp\/v2\/media\/231741"}],"wp:attachment":[{"href":"https:\/\/rnoticias.com.mx\/Portal\/wp-json\/wp\/v2\/media?parent=231740"}],"wp:term":[{"taxonomy":"category","embeddable":true,"href":"https:\/\/rnoticias.com.mx\/Portal\/wp-json\/wp\/v2\/categories?post=231740"},{"taxonomy":"post_tag","embeddable":true,"href":"https:\/\/rnoticias.com.mx\/Portal\/wp-json\/wp\/v2\/tags?post=231740"}],"curies":[{"name":"wp","href":"https:\/\/api.w.org\/{rel}","templated":true}]}}