{"id":231670,"date":"2025-10-08T13:37:20","date_gmt":"2025-10-08T20:37:20","guid":{"rendered":"https:\/\/rnoticias.com.mx\/Portal\/?p=231670"},"modified":"2025-10-08T13:37:20","modified_gmt":"2025-10-08T20:37:20","slug":"diputada-amairany-pena-llama-a-proteger-los-derechos-democraticos-y-las-libertades-politicas-en-la-reforma-electoral","status":"publish","type":"post","link":"https:\/\/rnoticias.com.mx\/Portal\/2025\/10\/08\/diputada-amairany-pena-llama-a-proteger-los-derechos-democraticos-y-las-libertades-politicas-en-la-reforma-electoral\/","title":{"rendered":"Diputada Amairany Pe\u00f1a llama a proteger los derechos democr\u00e1ticos y las libertades pol\u00edticas en la Reforma Electoral"},"content":{"rendered":"<p>Hermosillo, Sonora; 8 octubre de 2025.- La diputada local, Amairany Pe\u00f1a Escalante particip\u00f3 en los trabajos de la Comisi\u00f3n Presidencial para la Reforma Electoral, encabezado por la secretaria de Gobernaci\u00f3n, Rosa Icela Rodr\u00edguez, y el gobernador de Sonora, Alfonso Durazo Monta\u00f1o.<\/p>\n<p>Durante su intervenci\u00f3n, la legisladora sonorense present\u00f3 el ensayo titulado \u201cLas libertades pol\u00edticas y su vigencia en el debate sobre la reforma electoral\u201d, en el que resalt\u00f3 la importancia de mantener un di\u00e1logo nacional que fortalezca las instituciones democr\u00e1ticas, proteja los derechos pol\u00edticos y promueva la participaci\u00f3n ciudadana informada.<\/p>\n<p>\u201cLa libertad pol\u00edtica es la base de todo sistema democr\u00e1tico. Su defensa exige instituciones s\u00f3lidas, ciudadanos informados y servidores p\u00fablicos comprometidos con el inter\u00e9s com\u00fan\u201d, subray\u00f3 Pe\u00f1a Escalante al dirigir su mensaje ante autoridades federales, estatales y representantes del \u00e1mbito acad\u00e9mico y legislativo.<\/p>\n<p>Destac\u00f3 adem\u00e1s la visi\u00f3n del gobernador Alfonso Durazo por impulsar un federalismo cooperativo que coloque a Sonora como ejemplo de di\u00e1logo, apertura y participaci\u00f3n ciudadana en temas de gran relevancia nacional como la reforma electoral.<\/p>\n<p>La diputada reconoci\u00f3 la convocatoria del Gobierno de M\u00e9xico, a trav\u00e9s de la Secretar\u00eda de Gobernaci\u00f3n (Segob), para escuchar todas las voces en la construcci\u00f3n de un marco electoral que garantice procesos m\u00e1s justos, transparentes e incluyentes, reafirmando que el fortalecimiento de la democracia solo es posible con la participaci\u00f3n activa de la sociedad.<\/p>\n<p>Pe\u00f1a Escalante reiter\u00f3 su compromiso con una pol\u00edtica cercana a la gente, basada en la defensa de los derechos democr\u00e1ticos y en la b\u00fasqueda constante de un pa\u00eds m\u00e1s justo, participativo y representativo.<\/p>\n","protected":false},"excerpt":{"rendered":"<p>Hermosillo, Sonora; 8 octubre de 2025.- La diputada local, Amairany Pe\u00f1a Escalante particip\u00f3 en los trabajos de la Comisi\u00f3n Presidencial para la Reforma Electoral, encabezado por la secretaria de Gobernaci\u00f3n, Rosa Icela Rodr\u00edguez, y el gobernador de Sonora, Alfonso Durazo Monta\u00f1o. Durante su intervenci\u00f3n, la legisladora sonorense present\u00f3 el ensayo titulado \u201cLas libertades pol\u00edticas y [&hellip;]<\/p>\n","protected":false},"author":2,"featured_media":231671,"comment_status":"closed","ping_status":"closed","sticky":false,"template":"","format":"standard","meta":{"footnotes":""},"categories":[12870,12868],"tags":[12865,12879],"class_list":["post-231670","post","type-post","status-publish","format-standard","has-post-thumbnail","hentry","category-destacadas","category-politica","tag-destacadas","tag-politica"],"jetpack_featured_media_url":"https:\/\/rnoticias.com.mx\/Portal\/wp-content\/uploads\/2025\/10\/da9ec4e4-7b6f-49c2-b6ff-0d31db683ec6.jpeg","amp_enabled":true,"_links":{"self":[{"href":"https:\/\/rnoticias.com.mx\/Portal\/wp-json\/wp\/v2\/posts\/231670","targetHints":{"allow":["GET"]}}],"collection":[{"href":"https:\/\/rnoticias.com.mx\/Portal\/wp-json\/wp\/v2\/posts"}],"about":[{"href":"https:\/\/rnoticias.com.mx\/Portal\/wp-json\/wp\/v2\/types\/post"}],"author":[{"embeddable":true,"href":"https:\/\/rnoticias.com.mx\/Portal\/wp-json\/wp\/v2\/users\/2"}],"replies":[{"embeddable":true,"href":"https:\/\/rnoticias.com.mx\/Portal\/wp-json\/wp\/v2\/comments?post=231670"}],"version-history":[{"count":1,"href":"https:\/\/rnoticias.com.mx\/Portal\/wp-json\/wp\/v2\/posts\/231670\/revisions"}],"predecessor-version":[{"id":231672,"href":"https:\/\/rnoticias.com.mx\/Portal\/wp-json\/wp\/v2\/posts\/231670\/revisions\/231672"}],"wp:featuredmedia":[{"embeddable":true,"href":"https:\/\/rnoticias.com.mx\/Portal\/wp-json\/wp\/v2\/media\/231671"}],"wp:attachment":[{"href":"https:\/\/rnoticias.com.mx\/Portal\/wp-json\/wp\/v2\/media?parent=231670"}],"wp:term":[{"taxonomy":"category","embeddable":true,"href":"https:\/\/rnoticias.com.mx\/Portal\/wp-json\/wp\/v2\/categories?post=231670"},{"taxonomy":"post_tag","embeddable":true,"href":"https:\/\/rnoticias.com.mx\/Portal\/wp-json\/wp\/v2\/tags?post=231670"}],"curies":[{"name":"wp","href":"https:\/\/api.w.org\/{rel}","templated":true}]}}