{"id":231667,"date":"2025-10-08T13:29:42","date_gmt":"2025-10-08T20:29:42","guid":{"rendered":"https:\/\/rnoticias.com.mx\/Portal\/?p=231667"},"modified":"2025-10-08T13:29:42","modified_gmt":"2025-10-08T20:29:42","slug":"se-filtran-nuevos-adidas-disenados-por-bad-bunny","status":"publish","type":"post","link":"https:\/\/rnoticias.com.mx\/Portal\/2025\/10\/08\/se-filtran-nuevos-adidas-disenados-por-bad-bunny\/","title":{"rendered":"Se filtran nuevos ADIDAS dise\u00f1ados por Bad Bunny"},"content":{"rendered":"<p>El cantante puertorrique\u00f1o Bad Bunny no solo se conforma con su \u00e9xito en la m\u00fasica, sino que tambi\u00e9n ha dado un &#8220;gran paso&#8221; en la industria de la moda con sus colaboraciones con Adidas.<\/p>\n<p>Fue a trav\u00e9s de redes sociales donde se filtraron im\u00e1genes del cantante luciendo este nuevo calzado, y las y los fans no pueden esperar su lanzamiento.<\/p>\n<div class=\"div-pos-2\"><\/div>\n<h3>Bad Bunny y Adidas lanzaran BadBo 1.0<\/h3>\n<p>&nbsp;<\/p>\n<p><mark><strong>El BadBo 1.0 es el primer modelo de zapatos creado desde cero por Bad Bunny y Adidas.<\/strong><\/mark>\u00a0Este lanzamiento demuestra el talento del artista no solo en el escenario, sino tambi\u00e9n en el dise\u00f1o y la creatividad.<\/p>\n<p>Este modelo representa la esencia del artista,\u00a0<mark><strong>al combinar su energ\u00eda urbana con un toque de estilo deportivo.<\/strong><\/mark><\/p>\n<p>Incluso\u00a0<strong>podr\u00eda compararse con la serie EQT de Adidas y con la est\u00e9tica de las Air Jordan 6 y 7.<\/strong><\/p>\n<div>\n<div id=\"twitter-999\" class=\"ck-twitter\"><span class=\"item first\">\u00a0<\/span>\u00a0<span class=\"item second\">\u00a0<\/span>\u00a0<span class=\"item third\">\u00a0<\/span><\/div>\n<\/div>\n<h3>Una mezcla de nostalgia con energ\u00eda urbana<\/h3>\n<p>El v\u00ednculo de Bad Bunny con Adidas se ha convertido en una de las<strong>\u00a0colaboraciones m\u00e1s fuertes y con mayor sentido que la marca ha desarrollado en los \u00faltimos a\u00f1os.\u00a0<\/strong><\/p>\n<p><mark><strong>Desde las Forum Buckle Low \u201cThe First Caf\u00e9\u201d hasta las Gazelle Indoor \u201cCabo Rojo\u201d y \u201cSan Juan\u201d,\u00a0<\/strong><\/mark>cada lanzamiento ha contado una historia propia, inspirada en su infancia en Puerto Rico.<\/p>\n<div>\n<div id=\"twitter-940\" class=\"ck-twitter\"><span class=\"item first\">\u00a0<\/span>\u00a0<span class=\"item second\">\u00a0<\/span>\u00a0<span class=\"item third\">\u00a0<\/span><\/div>\n<\/div>\n<h3>\u00bfCu\u00e1ndo es el lanzamiento del BadBo 1.0?<\/h3>\n<p>Es importante resaltar que\u00a0<mark><strong>por el momento la fecha de lanzamiento no esta confirmada por la marca;\u00a0<\/strong><\/mark>no obstante<strong>\u00a0se estima que sea en la primavera-verano de 2026,<\/strong>\u00a0a pesar de que Adidas a\u00fan no ha dado detalles de este nuevo modelo que\u00a0<mark><strong>promete ser la sensaci\u00f3n para todas y todos los fans del interprete de DtMF.\u00a0<\/strong><\/mark><\/p>\n","protected":false},"excerpt":{"rendered":"<p>El cantante puertorrique\u00f1o Bad Bunny no solo se conforma con su \u00e9xito en la m\u00fasica, sino que tambi\u00e9n ha dado un &#8220;gran paso&#8221; en la industria de la moda con sus colaboraciones con Adidas. Fue a trav\u00e9s de redes sociales donde se filtraron im\u00e1genes del cantante luciendo este nuevo calzado, y las y los fans [&hellip;]<\/p>\n","protected":false},"author":2,"featured_media":231668,"comment_status":"closed","ping_status":"closed","sticky":false,"template":"","format":"standard","meta":{"footnotes":""},"categories":[12870,219],"tags":[12865,12875],"class_list":["post-231667","post","type-post","status-publish","format-standard","has-post-thumbnail","hentry","category-destacadas","category-espectaculos","tag-destacadas","tag-espectaculos"],"jetpack_featured_media_url":"https:\/\/rnoticias.com.mx\/Portal\/wp-content\/uploads\/2025\/10\/bad-bunny-adidas-forum-blue-puerto-rico-.jpg","amp_enabled":true,"_links":{"self":[{"href":"https:\/\/rnoticias.com.mx\/Portal\/wp-json\/wp\/v2\/posts\/231667","targetHints":{"allow":["GET"]}}],"collection":[{"href":"https:\/\/rnoticias.com.mx\/Portal\/wp-json\/wp\/v2\/posts"}],"about":[{"href":"https:\/\/rnoticias.com.mx\/Portal\/wp-json\/wp\/v2\/types\/post"}],"author":[{"embeddable":true,"href":"https:\/\/rnoticias.com.mx\/Portal\/wp-json\/wp\/v2\/users\/2"}],"replies":[{"embeddable":true,"href":"https:\/\/rnoticias.com.mx\/Portal\/wp-json\/wp\/v2\/comments?post=231667"}],"version-history":[{"count":1,"href":"https:\/\/rnoticias.com.mx\/Portal\/wp-json\/wp\/v2\/posts\/231667\/revisions"}],"predecessor-version":[{"id":231669,"href":"https:\/\/rnoticias.com.mx\/Portal\/wp-json\/wp\/v2\/posts\/231667\/revisions\/231669"}],"wp:featuredmedia":[{"embeddable":true,"href":"https:\/\/rnoticias.com.mx\/Portal\/wp-json\/wp\/v2\/media\/231668"}],"wp:attachment":[{"href":"https:\/\/rnoticias.com.mx\/Portal\/wp-json\/wp\/v2\/media?parent=231667"}],"wp:term":[{"taxonomy":"category","embeddable":true,"href":"https:\/\/rnoticias.com.mx\/Portal\/wp-json\/wp\/v2\/categories?post=231667"},{"taxonomy":"post_tag","embeddable":true,"href":"https:\/\/rnoticias.com.mx\/Portal\/wp-json\/wp\/v2\/tags?post=231667"}],"curies":[{"name":"wp","href":"https:\/\/api.w.org\/{rel}","templated":true}]}}