{"id":231661,"date":"2025-10-08T13:22:15","date_gmt":"2025-10-08T20:22:15","guid":{"rendered":"https:\/\/rnoticias.com.mx\/Portal\/?p=231661"},"modified":"2025-10-08T13:22:15","modified_gmt":"2025-10-08T20:22:15","slug":"inaugura-gobierno-de-sonora-aula-dinamica-de-medicina-en-la-ues-sec","status":"publish","type":"post","link":"https:\/\/rnoticias.com.mx\/Portal\/2025\/10\/08\/inaugura-gobierno-de-sonora-aula-dinamica-de-medicina-en-la-ues-sec\/","title":{"rendered":"Inaugura Gobierno de Sonora Aula Din\u00e1mica de Medicina en la UES: SEC"},"content":{"rendered":"<p>Hermosillo, Sonora; 8 de octubre de 2025.- Con instalaciones de primer nivel que garantizan el uso permanente de tecnolog\u00edas y estrategias de vanguardia, el Gobierno de Sonora, a trav\u00e9s de la Secretar\u00eda de Educaci\u00f3n y Cultura (SEC) inaugur\u00f3 el Aula Din\u00e1mica de Medicina en beneficio de estudiantes de la Universidad Estatal de Sonora (UES).<\/p>\n<p>Las instalaciones incluyen un laboratorio con piezas anat\u00f3micas, \u00f3rganos desmontables y esqueletos completos para el desarrollo de pr\u00e1cticas, as\u00ed como modelos 3D para estudiar sistemas \u00f3seo, muscular, cardiovascular y otros, \u00e1rea para realizaci\u00f3n de an\u00e1lisis de casos cl\u00ednicos y material did\u00e1ctica para din\u00e1micas grupales.<\/p>\n<p>El titular de la SEC, Froyl\u00e1n G\u00e1mez Gamboa, refrend\u00f3 el compromiso del gobernador Alfonso Durazo para seguir creando espacios donde los estudiantes de la Licenciatura en Medicina General y Comunitaria adquieran las herramientas necesarias para transformar la salud en todo el estado.<\/p>\n<p>Acompa\u00f1ado de la rectora de la UES, Martha Patricia Pati\u00f1o Fierro, supervis\u00f3 el nuevo espacio educativo que se distingue por ser interactivo, pr\u00e1ctico, multisensorial, flexible, participativo y centrado en el estudio de la anatom\u00eda humana.<\/p>\n<p>El aula din\u00e1mica transforma la ense\u00f1anza de la anatom\u00eda en un proceso activo, mediante la manipulaci\u00f3n directa de modelos anat\u00f3micos reales en el aula. Busca superar el modelo tradicional expositivo mediante el uso de metodolog\u00edas innovadoras, recursos tecnol\u00f3gicos y actividades pr\u00e1cticas que fomentan la comprensi\u00f3n profunda de la estructura y funci\u00f3n del cuerpo humano.<\/p>\n","protected":false},"excerpt":{"rendered":"<p>Hermosillo, Sonora; 8 de octubre de 2025.- Con instalaciones de primer nivel que garantizan el uso permanente de tecnolog\u00edas y estrategias de vanguardia, el Gobierno de Sonora, a trav\u00e9s de la Secretar\u00eda de Educaci\u00f3n y Cultura (SEC) inaugur\u00f3 el Aula Din\u00e1mica de Medicina en beneficio de estudiantes de la Universidad Estatal de Sonora (UES). Las [&hellip;]<\/p>\n","protected":false},"author":2,"featured_media":231662,"comment_status":"closed","ping_status":"closed","sticky":false,"template":"","format":"standard","meta":{"footnotes":""},"categories":[12870,178],"tags":[12865,12869],"class_list":["post-231661","post","type-post","status-publish","format-standard","has-post-thumbnail","hentry","category-destacadas","category-local","tag-destacadas","tag-local"],"jetpack_featured_media_url":"https:\/\/rnoticias.com.mx\/Portal\/wp-content\/uploads\/2025\/10\/7544.jpg","amp_enabled":true,"_links":{"self":[{"href":"https:\/\/rnoticias.com.mx\/Portal\/wp-json\/wp\/v2\/posts\/231661","targetHints":{"allow":["GET"]}}],"collection":[{"href":"https:\/\/rnoticias.com.mx\/Portal\/wp-json\/wp\/v2\/posts"}],"about":[{"href":"https:\/\/rnoticias.com.mx\/Portal\/wp-json\/wp\/v2\/types\/post"}],"author":[{"embeddable":true,"href":"https:\/\/rnoticias.com.mx\/Portal\/wp-json\/wp\/v2\/users\/2"}],"replies":[{"embeddable":true,"href":"https:\/\/rnoticias.com.mx\/Portal\/wp-json\/wp\/v2\/comments?post=231661"}],"version-history":[{"count":1,"href":"https:\/\/rnoticias.com.mx\/Portal\/wp-json\/wp\/v2\/posts\/231661\/revisions"}],"predecessor-version":[{"id":231663,"href":"https:\/\/rnoticias.com.mx\/Portal\/wp-json\/wp\/v2\/posts\/231661\/revisions\/231663"}],"wp:featuredmedia":[{"embeddable":true,"href":"https:\/\/rnoticias.com.mx\/Portal\/wp-json\/wp\/v2\/media\/231662"}],"wp:attachment":[{"href":"https:\/\/rnoticias.com.mx\/Portal\/wp-json\/wp\/v2\/media?parent=231661"}],"wp:term":[{"taxonomy":"category","embeddable":true,"href":"https:\/\/rnoticias.com.mx\/Portal\/wp-json\/wp\/v2\/categories?post=231661"},{"taxonomy":"post_tag","embeddable":true,"href":"https:\/\/rnoticias.com.mx\/Portal\/wp-json\/wp\/v2\/tags?post=231661"}],"curies":[{"name":"wp","href":"https:\/\/api.w.org\/{rel}","templated":true}]}}