{"id":231640,"date":"2025-10-08T11:23:10","date_gmt":"2025-10-08T18:23:10","guid":{"rendered":"https:\/\/rnoticias.com.mx\/Portal\/?p=231640"},"modified":"2025-10-08T11:23:10","modified_gmt":"2025-10-08T18:23:10","slug":"mexicanos-de-la-flotilla-global-sumud-acusan-tortura-en-su-detencion-en-israel","status":"publish","type":"post","link":"https:\/\/rnoticias.com.mx\/Portal\/2025\/10\/08\/mexicanos-de-la-flotilla-global-sumud-acusan-tortura-en-su-detencion-en-israel\/","title":{"rendered":"Mexicanos de la Flotilla Global Sumud acusan tortura en su detenci\u00f3n en Israel"},"content":{"rendered":"<p>Los\u00a0<strong>mexicanos<\/strong>\u00a0que viajaban en la\u00a0<strong>Flotilla Global Sumud<\/strong>\u00a0y fueron detenidos por\u00a0<strong>Israel<\/strong>, acusaron haber sido v\u00edctimas de\u00a0<strong>maltratos y tortura<\/strong>\u00a0por parte de las autoridades de ese pa\u00eds, mientras se encontraban recluidos en el centro de reclusi\u00f3n de\u00a0<strong>Ktziot<\/strong>.<\/p>\n<p>Tras su llegada al\u00a0<strong>Aeropuerto Internacional de la Ciudad de M\u00e9xico<\/strong>\u00a0(AICM), el grupo de\u00a0<strong>repatriados<\/strong>: Sol Gonz\u00e1lez Egu\u00eda, Ernesto Ledesma Arronte, Arl\u00edn Medrano Guzm\u00e1n, Carlos P\u00e9rez Osorio, Diego V\u00e1zquez Galindo, y Laura Alejandra Vel\u00e9z Ruiz Gait\u00e1n, aseguraron que sufrieron tortura psicol\u00f3gica y f\u00edsica, adem\u00e1s de que fueron secuestrados por las autoridades israel\u00edes.<\/p>\n<p>Al salir de Israel, los seis connacionales, con el apoyo de la\u00a0<strong>Secretar\u00eda de Relaciones Exteriores<\/strong>\u00a0(SRE), fueron llevados a Jordania y posteriormente realizaron una escala en Estambul la tarde del martes, para finalmente llegar a M\u00e9xico este mi\u00e9rcoles.<\/p>\n<p>Por su parte, la presidenta\u00a0<strong>Claudia Sheinbaum<\/strong>\u00a0celebr\u00f3 que los\u00a0<strong>activistas<\/strong>\u00a0ya est\u00e1n de regreso en M\u00e9xico y mencion\u00f3 que en caso de que ellos soliciten una reuni\u00f3n con ella, acceder\u00e1.<\/p>\n<p>&nbsp;<\/p>\n<p>Fuente: latinus<\/p>\n","protected":false},"excerpt":{"rendered":"<p>Los\u00a0mexicanos\u00a0que viajaban en la\u00a0Flotilla Global Sumud\u00a0y fueron detenidos por\u00a0Israel, acusaron haber sido v\u00edctimas de\u00a0maltratos y tortura\u00a0por parte de las autoridades de ese pa\u00eds, mientras se encontraban recluidos en el centro de reclusi\u00f3n de\u00a0Ktziot. Tras su llegada al\u00a0Aeropuerto Internacional de la Ciudad de M\u00e9xico\u00a0(AICM), el grupo de\u00a0repatriados: Sol Gonz\u00e1lez Egu\u00eda, Ernesto Ledesma Arronte, Arl\u00edn Medrano Guzm\u00e1n, [&hellip;]<\/p>\n","protected":false},"author":2,"featured_media":231641,"comment_status":"closed","ping_status":"closed","sticky":false,"template":"","format":"standard","meta":{"footnotes":""},"categories":[12870,172],"tags":[12865,12874],"class_list":["post-231640","post","type-post","status-publish","format-standard","has-post-thumbnail","hentry","category-destacadas","category-nacional","tag-destacadas","tag-nacional"],"jetpack_featured_media_url":"https:\/\/rnoticias.com.mx\/Portal\/wp-content\/uploads\/2025\/10\/882.webp","amp_enabled":true,"_links":{"self":[{"href":"https:\/\/rnoticias.com.mx\/Portal\/wp-json\/wp\/v2\/posts\/231640","targetHints":{"allow":["GET"]}}],"collection":[{"href":"https:\/\/rnoticias.com.mx\/Portal\/wp-json\/wp\/v2\/posts"}],"about":[{"href":"https:\/\/rnoticias.com.mx\/Portal\/wp-json\/wp\/v2\/types\/post"}],"author":[{"embeddable":true,"href":"https:\/\/rnoticias.com.mx\/Portal\/wp-json\/wp\/v2\/users\/2"}],"replies":[{"embeddable":true,"href":"https:\/\/rnoticias.com.mx\/Portal\/wp-json\/wp\/v2\/comments?post=231640"}],"version-history":[{"count":1,"href":"https:\/\/rnoticias.com.mx\/Portal\/wp-json\/wp\/v2\/posts\/231640\/revisions"}],"predecessor-version":[{"id":231642,"href":"https:\/\/rnoticias.com.mx\/Portal\/wp-json\/wp\/v2\/posts\/231640\/revisions\/231642"}],"wp:featuredmedia":[{"embeddable":true,"href":"https:\/\/rnoticias.com.mx\/Portal\/wp-json\/wp\/v2\/media\/231641"}],"wp:attachment":[{"href":"https:\/\/rnoticias.com.mx\/Portal\/wp-json\/wp\/v2\/media?parent=231640"}],"wp:term":[{"taxonomy":"category","embeddable":true,"href":"https:\/\/rnoticias.com.mx\/Portal\/wp-json\/wp\/v2\/categories?post=231640"},{"taxonomy":"post_tag","embeddable":true,"href":"https:\/\/rnoticias.com.mx\/Portal\/wp-json\/wp\/v2\/tags?post=231640"}],"curies":[{"name":"wp","href":"https:\/\/api.w.org\/{rel}","templated":true}]}}