{"id":231637,"date":"2025-10-08T11:14:38","date_gmt":"2025-10-08T18:14:38","guid":{"rendered":"https:\/\/rnoticias.com.mx\/Portal\/?p=231637"},"modified":"2025-10-08T11:14:38","modified_gmt":"2025-10-08T18:14:38","slug":"gloria-trevi-llega-a-vix-con-serie-documental-la-trevi-sin-filtro","status":"publish","type":"post","link":"https:\/\/rnoticias.com.mx\/Portal\/2025\/10\/08\/gloria-trevi-llega-a-vix-con-serie-documental-la-trevi-sin-filtro\/","title":{"rendered":"Gloria Trevi llega a Vix con serie documental &#8216;La Trevi: Sin Filtro&#8217;"},"content":{"rendered":"<p>La cantante mexicana Gloria Trevi estrenar\u00e1 la serie documental<strong>\u00a0&#8216;La Trevi: Sin Filtro&#8217;,<\/strong>\u00a0un retrato \u00edntimo que sigue a la artista durante su gira mundial &#8216;Mi Soundtrack&#8217; y que estar\u00e1 disponible a partir del 24 de octubre.<\/p>\n<p>El proyecto de la plataforma Vix mostrar\u00e1\u00a0<strong>aspectos personales y profesionales de su vida<\/strong>, desde los escenarios frente a miles de seguidores, hasta en la intimidad de su hogar y el tiempo que pasa con su familia.<\/p>\n<p>&#8220;<strong>Mi vida y mi carrera siempre han estado en el ojo p\u00fablico<\/strong>, muchas veces contadas por otros. Esta serie es una ventana a qui\u00e9n soy hoy&#8230; Es cruda, es real, pero soy yo: \u00a1sin filtro!&#8221;, expres\u00f3 la cantante en un comunicado.<\/p>\n<p>La serie es una producci\u00f3n de JK Media Group, y fue creada por Sebasti\u00e1n Jim\u00e9nez, quien trabaj\u00f3 con Trevi en el pasado en proyectos como &#8216;A toda Gloria&#8217;, y quien tiene en puerta series como &#8216;Ninel Conde sin filtros&#8217;, seg\u00fan la base de datos en l\u00ednea especializada en cine, IMDb.<\/p>\n<p>Trevi\u00a0es productora ejecutiva junto a Flavio Morales (&#8216;LOL: Last One Laughing&#8217;) y el propio Jim\u00e9nez.<\/p>\n<p>&#8216;La Trevi: Sin Filtro&#8217; marca la segunda colaboraci\u00f3n de la autora de &#8216;No quer\u00edas lastimarme&#8217; con Vix, la plataforma de Televisa Univisi\u00f3n. La primera fue &#8216;Ellas Soy Yo&#8217;, una serie de televisi\u00f3n biogr\u00e1fica mexicana producida por Carla Estrada.<\/p>\n","protected":false},"excerpt":{"rendered":"<p>La cantante mexicana Gloria Trevi estrenar\u00e1 la serie documental\u00a0&#8216;La Trevi: Sin Filtro&#8217;,\u00a0un retrato \u00edntimo que sigue a la artista durante su gira mundial &#8216;Mi Soundtrack&#8217; y que estar\u00e1 disponible a partir del 24 de octubre. El proyecto de la plataforma Vix mostrar\u00e1\u00a0aspectos personales y profesionales de su vida, desde los escenarios frente a miles de [&hellip;]<\/p>\n","protected":false},"author":2,"featured_media":231638,"comment_status":"closed","ping_status":"closed","sticky":false,"template":"","format":"standard","meta":{"footnotes":""},"categories":[12870,219],"tags":[12865,12875],"class_list":["post-231637","post","type-post","status-publish","format-standard","has-post-thumbnail","hentry","category-destacadas","category-espectaculos","tag-destacadas","tag-espectaculos"],"jetpack_featured_media_url":"https:\/\/rnoticias.com.mx\/Portal\/wp-content\/uploads\/2025\/10\/53b2a5ea1c2211eda46e567103a612d1.jpeg","amp_enabled":true,"_links":{"self":[{"href":"https:\/\/rnoticias.com.mx\/Portal\/wp-json\/wp\/v2\/posts\/231637","targetHints":{"allow":["GET"]}}],"collection":[{"href":"https:\/\/rnoticias.com.mx\/Portal\/wp-json\/wp\/v2\/posts"}],"about":[{"href":"https:\/\/rnoticias.com.mx\/Portal\/wp-json\/wp\/v2\/types\/post"}],"author":[{"embeddable":true,"href":"https:\/\/rnoticias.com.mx\/Portal\/wp-json\/wp\/v2\/users\/2"}],"replies":[{"embeddable":true,"href":"https:\/\/rnoticias.com.mx\/Portal\/wp-json\/wp\/v2\/comments?post=231637"}],"version-history":[{"count":1,"href":"https:\/\/rnoticias.com.mx\/Portal\/wp-json\/wp\/v2\/posts\/231637\/revisions"}],"predecessor-version":[{"id":231639,"href":"https:\/\/rnoticias.com.mx\/Portal\/wp-json\/wp\/v2\/posts\/231637\/revisions\/231639"}],"wp:featuredmedia":[{"embeddable":true,"href":"https:\/\/rnoticias.com.mx\/Portal\/wp-json\/wp\/v2\/media\/231638"}],"wp:attachment":[{"href":"https:\/\/rnoticias.com.mx\/Portal\/wp-json\/wp\/v2\/media?parent=231637"}],"wp:term":[{"taxonomy":"category","embeddable":true,"href":"https:\/\/rnoticias.com.mx\/Portal\/wp-json\/wp\/v2\/categories?post=231637"},{"taxonomy":"post_tag","embeddable":true,"href":"https:\/\/rnoticias.com.mx\/Portal\/wp-json\/wp\/v2\/tags?post=231637"}],"curies":[{"name":"wp","href":"https:\/\/api.w.org\/{rel}","templated":true}]}}