{"id":231615,"date":"2025-10-07T19:27:31","date_gmt":"2025-10-08T02:27:31","guid":{"rendered":"https:\/\/rnoticias.com.mx\/Portal\/?p=231615"},"modified":"2025-10-07T19:27:31","modified_gmt":"2025-10-08T02:27:31","slug":"el-ayuntamiento-de-hermosillo-entregara-arboles-nativos-en-el-vivero-municipal","status":"publish","type":"post","link":"https:\/\/rnoticias.com.mx\/Portal\/2025\/10\/07\/el-ayuntamiento-de-hermosillo-entregara-arboles-nativos-en-el-vivero-municipal\/","title":{"rendered":"El Ayuntamiento de Hermosillo entregar\u00e1 \u00e1rboles nativos en el Vivero Municipal"},"content":{"rendered":"<p><b data-olk-copy-source=\"MessageBody\">Hermosillo, Sonora; 7 octubre de 2025.-<\/b>\u00a0El Ayuntamiento de Hermosillo, a trav\u00e9s de Servicios P\u00fablicos Municipales, invita a la ciudadan\u00eda a participar en la jornada de entrega de \u00e1rboles nativos que se llevar\u00e1 a cabo este viernes 10 de octubre.<\/p>\n<p>La cita es en el Vivero Municipal, ubicado en avenida Morelia esquina con calle de la Palma, colonia Casa Blanca, en horario de 9:00 a 17:30 horas, donde personal de Parques y Jardines recibir\u00e1n a las personas interesadas.<\/p>\n<p>Durante la actividad se entregar\u00e1n especies como chiltep\u00edn, tronadora, brea, mezquite, mimbre, palma abanico, palo verde, palo fierro y guam\u00fachil, fomentando la reforestaci\u00f3n con flora propia de la regi\u00f3n.<\/p>\n<p>Adem\u00e1s, se estar\u00e1 recibiendo material reciclable como PET, cart\u00f3n y aluminio, reforzando el compromiso ambiental del programa \u201cHermosillo Crece Verde\u201d.<\/p>\n<p>El registro previo se puede realizar en l\u00ednea: https:\/\/forms.gle\/EXQx3wpwSzA1wBtR9; y la entrega ser\u00e1 de un \u00e1rbol por persona, hasta agotar existencias.<\/p>\n","protected":false},"excerpt":{"rendered":"<p>Hermosillo, Sonora; 7 octubre de 2025.-\u00a0El Ayuntamiento de Hermosillo, a trav\u00e9s de Servicios P\u00fablicos Municipales, invita a la ciudadan\u00eda a participar en la jornada de entrega de \u00e1rboles nativos que se llevar\u00e1 a cabo este viernes 10 de octubre. La cita es en el Vivero Municipal, ubicado en avenida Morelia esquina con calle de la [&hellip;]<\/p>\n","protected":false},"author":2,"featured_media":231616,"comment_status":"closed","ping_status":"closed","sticky":false,"template":"","format":"standard","meta":{"footnotes":""},"categories":[12870,178],"tags":[12865,12869],"class_list":["post-231615","post","type-post","status-publish","format-standard","has-post-thumbnail","hentry","category-destacadas","category-local","tag-destacadas","tag-local"],"jetpack_featured_media_url":"https:\/\/rnoticias.com.mx\/Portal\/wp-content\/uploads\/2025\/10\/2-2.jpeg","amp_enabled":true,"_links":{"self":[{"href":"https:\/\/rnoticias.com.mx\/Portal\/wp-json\/wp\/v2\/posts\/231615","targetHints":{"allow":["GET"]}}],"collection":[{"href":"https:\/\/rnoticias.com.mx\/Portal\/wp-json\/wp\/v2\/posts"}],"about":[{"href":"https:\/\/rnoticias.com.mx\/Portal\/wp-json\/wp\/v2\/types\/post"}],"author":[{"embeddable":true,"href":"https:\/\/rnoticias.com.mx\/Portal\/wp-json\/wp\/v2\/users\/2"}],"replies":[{"embeddable":true,"href":"https:\/\/rnoticias.com.mx\/Portal\/wp-json\/wp\/v2\/comments?post=231615"}],"version-history":[{"count":1,"href":"https:\/\/rnoticias.com.mx\/Portal\/wp-json\/wp\/v2\/posts\/231615\/revisions"}],"predecessor-version":[{"id":231617,"href":"https:\/\/rnoticias.com.mx\/Portal\/wp-json\/wp\/v2\/posts\/231615\/revisions\/231617"}],"wp:featuredmedia":[{"embeddable":true,"href":"https:\/\/rnoticias.com.mx\/Portal\/wp-json\/wp\/v2\/media\/231616"}],"wp:attachment":[{"href":"https:\/\/rnoticias.com.mx\/Portal\/wp-json\/wp\/v2\/media?parent=231615"}],"wp:term":[{"taxonomy":"category","embeddable":true,"href":"https:\/\/rnoticias.com.mx\/Portal\/wp-json\/wp\/v2\/categories?post=231615"},{"taxonomy":"post_tag","embeddable":true,"href":"https:\/\/rnoticias.com.mx\/Portal\/wp-json\/wp\/v2\/tags?post=231615"}],"curies":[{"name":"wp","href":"https:\/\/api.w.org\/{rel}","templated":true}]}}