{"id":231609,"date":"2025-10-07T19:10:53","date_gmt":"2025-10-08T02:10:53","guid":{"rendered":"https:\/\/rnoticias.com.mx\/Portal\/?p=231609"},"modified":"2025-10-07T19:10:53","modified_gmt":"2025-10-08T02:10:53","slug":"promueve-gobierno-de-sonora-certificacion-de-docentes-en-estandares-nacionales-de-competencia-laboral-uthermosillo","status":"publish","type":"post","link":"https:\/\/rnoticias.com.mx\/Portal\/2025\/10\/07\/promueve-gobierno-de-sonora-certificacion-de-docentes-en-estandares-nacionales-de-competencia-laboral-uthermosillo\/","title":{"rendered":"Promueve Gobierno de Sonora certificaci\u00f3n de docentes en est\u00e1ndares nacionales de competencia laboral: UTHermosillo"},"content":{"rendered":"<p>Hermosillo, Sonora; 7 de octubre de 2025*.- Con el prop\u00f3sito de promover e impulsar la certificaci\u00f3n de profesionistas con base en est\u00e1ndares nacionales de competencia laboral, la Universidad Tecnol\u00f3gica de Hermosillo (UTH) imparti\u00f3 el Taller Evaluadores a docentes de los diferentes programas educativos de la instituci\u00f3n.<\/p>\n<p>El objetivo es fortalecer procesos de evaluaci\u00f3n y obtener la certificaci\u00f3n ante el Consejo Nacional de Normalizaci\u00f3n y Certificaci\u00f3n de Competencias Laborales (Conocer).<\/p>\n<p>El rector de la UTH, Abel Leyva Castellanos, detall\u00f3 que la capacitaci\u00f3n impartida por la instructora Rosa Isela L\u00f3pez Ochoa a un total de 18 docentes se centr\u00f3 en uno de los est\u00e1ndares de competencia m\u00e1s importantes: el EC0076.<\/p>\n<p>Dicho est\u00e1ndar est\u00e1 dirigido a personas que quieren o necesitan adquirir y desarrollar conocimientos, habilidades, actitudes y destrezas para evaluar la competencia de otros con base en los Est\u00e1ndares de Competencia del Conocer.<\/p>\n<p>Las y los asistentes tuvieron la oportunidad de desarrollar conocimientos, habilidades, destrezas y actitudes para desempe\u00f1ar el rol de evaluador.<\/p>\n<p>La certificaci\u00f3n permitir\u00e1 a las y los docentes replicar el modelo de competencias con sus estudiantes, fortaleciendo la formaci\u00f3n acad\u00e9mica y su aplicaci\u00f3n en el \u00e1mbito profesional.<\/p>\n","protected":false},"excerpt":{"rendered":"<p>Hermosillo, Sonora; 7 de octubre de 2025*.- Con el prop\u00f3sito de promover e impulsar la certificaci\u00f3n de profesionistas con base en est\u00e1ndares nacionales de competencia laboral, la Universidad Tecnol\u00f3gica de Hermosillo (UTH) imparti\u00f3 el Taller Evaluadores a docentes de los diferentes programas educativos de la instituci\u00f3n. El objetivo es fortalecer procesos de evaluaci\u00f3n y obtener [&hellip;]<\/p>\n","protected":false},"author":2,"featured_media":231610,"comment_status":"closed","ping_status":"closed","sticky":false,"template":"","format":"standard","meta":{"footnotes":""},"categories":[12870,178],"tags":[12865,12869],"class_list":["post-231609","post","type-post","status-publish","format-standard","has-post-thumbnail","hentry","category-destacadas","category-local","tag-destacadas","tag-local"],"jetpack_featured_media_url":"https:\/\/rnoticias.com.mx\/Portal\/wp-content\/uploads\/2025\/10\/87.jpg","amp_enabled":true,"_links":{"self":[{"href":"https:\/\/rnoticias.com.mx\/Portal\/wp-json\/wp\/v2\/posts\/231609","targetHints":{"allow":["GET"]}}],"collection":[{"href":"https:\/\/rnoticias.com.mx\/Portal\/wp-json\/wp\/v2\/posts"}],"about":[{"href":"https:\/\/rnoticias.com.mx\/Portal\/wp-json\/wp\/v2\/types\/post"}],"author":[{"embeddable":true,"href":"https:\/\/rnoticias.com.mx\/Portal\/wp-json\/wp\/v2\/users\/2"}],"replies":[{"embeddable":true,"href":"https:\/\/rnoticias.com.mx\/Portal\/wp-json\/wp\/v2\/comments?post=231609"}],"version-history":[{"count":1,"href":"https:\/\/rnoticias.com.mx\/Portal\/wp-json\/wp\/v2\/posts\/231609\/revisions"}],"predecessor-version":[{"id":231611,"href":"https:\/\/rnoticias.com.mx\/Portal\/wp-json\/wp\/v2\/posts\/231609\/revisions\/231611"}],"wp:featuredmedia":[{"embeddable":true,"href":"https:\/\/rnoticias.com.mx\/Portal\/wp-json\/wp\/v2\/media\/231610"}],"wp:attachment":[{"href":"https:\/\/rnoticias.com.mx\/Portal\/wp-json\/wp\/v2\/media?parent=231609"}],"wp:term":[{"taxonomy":"category","embeddable":true,"href":"https:\/\/rnoticias.com.mx\/Portal\/wp-json\/wp\/v2\/categories?post=231609"},{"taxonomy":"post_tag","embeddable":true,"href":"https:\/\/rnoticias.com.mx\/Portal\/wp-json\/wp\/v2\/tags?post=231609"}],"curies":[{"name":"wp","href":"https:\/\/api.w.org\/{rel}","templated":true}]}}