{"id":231594,"date":"2025-10-07T19:01:58","date_gmt":"2025-10-08T02:01:58","guid":{"rendered":"https:\/\/rnoticias.com.mx\/Portal\/?p=231594"},"modified":"2025-10-07T19:01:58","modified_gmt":"2025-10-08T02:01:58","slug":"atleta-de-la-policia-estatal-presente-en-carrera-utmb-en-chihuahua","status":"publish","type":"post","link":"https:\/\/rnoticias.com.mx\/Portal\/2025\/10\/07\/atleta-de-la-policia-estatal-presente-en-carrera-utmb-en-chihuahua\/","title":{"rendered":"Atleta de la Polic\u00eda Estatal presente en carrera UTMB en Chihuahua"},"content":{"rendered":"<p>Hermosillo, Sonora; 7 de octubre 2025.- La Polic\u00eda Estatal de Seguridad P\u00fablica (PESP) del Gobierno de Sonora, particip\u00f3 con orgullo en la exigente carrera UTMB (Ultra Trail du Mont Blanc) celebrada en el estado de Chihuahua, en la categor\u00eda de 59 kil\u00f3metros.<\/p>\n<p>Durante los d\u00edas 2 al 4 de octubre se desarroll\u00f3 el marat\u00f3n, donde Aracely Elizalde, Polic\u00eda Estatal particip\u00f3 en la ruta y atraves\u00f3 las imponentes Barrancas del Cobre, un territorio sagrado para la comunidad Rar\u00e1muri, reconocida mundialmente por su conexi\u00f3n ancestral con la carrera de resistencia.<\/p>\n<p>La participaci\u00f3n de Aracely representa un ejemplo de superaci\u00f3n y disciplina, al combinar con compromiso su labor como servidora p\u00fablica con su pasi\u00f3n por el deporte. Su desempe\u00f1o en esta competencia no solo es un logro personal, sino tambi\u00e9n un motivo de orgullo para la Polic\u00eda Estatal y para el estado de Sonora.<\/p>\n<p>Desde la Secretar\u00eda de Seguridad P\u00fablica (SSP) extendemos nuestro reconocimiento a Aracely Elizalde por representar con honor a la corporaci\u00f3n, promoviendo valores de salud, fortaleza y compromiso con la ciudadan\u00eda.<\/p>\n","protected":false},"excerpt":{"rendered":"<p>Hermosillo, Sonora; 7 de octubre 2025.- La Polic\u00eda Estatal de Seguridad P\u00fablica (PESP) del Gobierno de Sonora, particip\u00f3 con orgullo en la exigente carrera UTMB (Ultra Trail du Mont Blanc) celebrada en el estado de Chihuahua, en la categor\u00eda de 59 kil\u00f3metros. Durante los d\u00edas 2 al 4 de octubre se desarroll\u00f3 el marat\u00f3n, donde [&hellip;]<\/p>\n","protected":false},"author":2,"featured_media":231595,"comment_status":"closed","ping_status":"closed","sticky":false,"template":"","format":"standard","meta":{"footnotes":""},"categories":[178],"tags":[12869],"class_list":["post-231594","post","type-post","status-publish","format-standard","has-post-thumbnail","hentry","category-local","tag-local"],"jetpack_featured_media_url":"https:\/\/rnoticias.com.mx\/Portal\/wp-content\/uploads\/2025\/10\/42.jpg","amp_enabled":true,"_links":{"self":[{"href":"https:\/\/rnoticias.com.mx\/Portal\/wp-json\/wp\/v2\/posts\/231594","targetHints":{"allow":["GET"]}}],"collection":[{"href":"https:\/\/rnoticias.com.mx\/Portal\/wp-json\/wp\/v2\/posts"}],"about":[{"href":"https:\/\/rnoticias.com.mx\/Portal\/wp-json\/wp\/v2\/types\/post"}],"author":[{"embeddable":true,"href":"https:\/\/rnoticias.com.mx\/Portal\/wp-json\/wp\/v2\/users\/2"}],"replies":[{"embeddable":true,"href":"https:\/\/rnoticias.com.mx\/Portal\/wp-json\/wp\/v2\/comments?post=231594"}],"version-history":[{"count":1,"href":"https:\/\/rnoticias.com.mx\/Portal\/wp-json\/wp\/v2\/posts\/231594\/revisions"}],"predecessor-version":[{"id":231596,"href":"https:\/\/rnoticias.com.mx\/Portal\/wp-json\/wp\/v2\/posts\/231594\/revisions\/231596"}],"wp:featuredmedia":[{"embeddable":true,"href":"https:\/\/rnoticias.com.mx\/Portal\/wp-json\/wp\/v2\/media\/231595"}],"wp:attachment":[{"href":"https:\/\/rnoticias.com.mx\/Portal\/wp-json\/wp\/v2\/media?parent=231594"}],"wp:term":[{"taxonomy":"category","embeddable":true,"href":"https:\/\/rnoticias.com.mx\/Portal\/wp-json\/wp\/v2\/categories?post=231594"},{"taxonomy":"post_tag","embeddable":true,"href":"https:\/\/rnoticias.com.mx\/Portal\/wp-json\/wp\/v2\/tags?post=231594"}],"curies":[{"name":"wp","href":"https:\/\/api.w.org\/{rel}","templated":true}]}}