{"id":231588,"date":"2025-10-07T18:55:43","date_gmt":"2025-10-08T01:55:43","guid":{"rendered":"https:\/\/rnoticias.com.mx\/Portal\/?p=231588"},"modified":"2025-10-07T18:55:43","modified_gmt":"2025-10-08T01:55:43","slug":"alcalde-de-chicago-aboga-por-imputar-a-agentes-federales-que-violen-zonas-libres-de-ice","status":"publish","type":"post","link":"https:\/\/rnoticias.com.mx\/Portal\/2025\/10\/07\/alcalde-de-chicago-aboga-por-imputar-a-agentes-federales-que-violen-zonas-libres-de-ice\/","title":{"rendered":"Alcalde de Chicago aboga por imputar a agentes federales que violen &#8216;zonas libres&#8217; de ICE"},"content":{"rendered":"<p><strong>El alcalde de Chicago, el dem\u00f3crata Brandon Johnson<\/strong>, abog\u00f3 este martes por imputar a los agentes federales que infrinjan su orden ejecutiva que establece<strong>\u00a0&#8216;zonas libres&#8217;<\/strong>\u00a0de operativos migratorios ante la llegada de tropas estatales ahora federalizadas por orden del presidente Donald Trump.<\/p>\n<p>En una rueda de prensa, Johnson advirti\u00f3 que si los agentes federales violan las normas locales incurrir\u00e1n en un\u00a0<strong>&#8220;delito penal&#8221; y vaticin\u00f3 que habr\u00e1 &#8220;gente en los tribunales&#8221;, pero reconoci\u00f3 que est\u00e1 &#8220;explorando&#8221; las autoridades a su alcance que le &#8220;permitan hacer cumplir la ordenanza&#8221;\u00a0<\/strong>que firm\u00f3 ayer.<\/p>\n<p>La orden est\u00e1 dirigida \u00fanicamente a los operativos de los agentes del Servicio de Control de Inmigraci\u00f3n y Aduanas (ICE, en ingl\u00e9s) y la Oficina de Aduanas y Protecci\u00f3n Fronteriza de Estados Unidos (CBP, en ingl\u00e9s), y les proh\u00edbe utilizar estacionamientos y terrenos propiedad de la ciudad o controlados por ella.<\/p>\n<p>Preguntado por las consecuencias de que los agentes federales violen la orden de<strong>\u00a0&#8216;ICE Free Zones&#8217; (Zonas libres de ICE), que ha sido criticada duramente por la Casa Blanca, Johnson afirm\u00f3 que &#8220;deber\u00edan ser imputados con un delito&#8221; por la &#8220;entidad que est\u00e1n violando: la ciudad de Chicago&#8221;.<\/strong><\/p>\n<p><strong>&#8220;Cualquiera que cometa un delito deber\u00eda ser imputado. Es la norma b\u00e1sica de lo que ostensiblemente llaman orden p\u00fablico&#8221;, a\u00f1adi\u00f3 el alcalde, que subray\u00f3 que esos agentes &#8220;deber\u00edan rendir cuentas&#8221;.<\/strong><\/p>\n<p>Johnson, que arremeti\u00f3 repetidamente contra el Gobierno de Trump e ICE, transmiti\u00f3 un mensaje de &#8220;calma&#8221;, inst\u00f3 al civismo e incidi\u00f3 en que est\u00e1 utilizando las\u00a0<strong>&#8220;herramientas&#8221;\u00a0<\/strong>disponibles a nivel local para proteger a los residentes de Chicago, que tiene una de las mayores poblaciones mexicanas del pa\u00eds.<\/p>\n<p>Precisamente se\u00f1al\u00f3 que espera que unos 3.000 corredores mexicanos participen en la Marat\u00f3n de Chicago, que tendr\u00e1 lugar este domingo, y dijo desear &#8220;que vengan todos&#8221; y que rija la normalidad, pese a entender el &#8220;miedo&#8221; de la comunidad inmigrante ante la escalada en los operativos y las protestas.<\/p>\n<p><strong>&#8220;Entiendo el miedo, pero les pido no tenerlo&#8221;, agreg\u00f3, remitiendo a su normativa para proteger los espacios p\u00fablicos de las redadas, y a otras medidas &#8220;a largo plazo&#8221; que baraja &#8220;para que las familias se sientan seguras&#8221;.<\/strong><\/p>\n<p>Sostuvo, adem\u00e1s, que si los ciudadanos ven a alguien enmascarado, como suelen lucir algunos agentes federales en los operativos migratorios, deben saber que &#8220;eso no es un polic\u00eda local&#8221;, porque son identificables.<\/p>\n<p><strong>&#8220;Lo que la Administraci\u00f3n Trump est\u00e1 haciendo para escalar la violencia en Chicago y otras ciudades es reprensible. Ha declarado la guerra a Chicago, algo que me resulta desconcertante&#8221;,<\/strong>\u00a0opin\u00f3 el alcalde, quien conden\u00f3 las acciones gubernamentales como dirigidas a la clase trabajadora y no blanca en general.<\/p>\n","protected":false},"excerpt":{"rendered":"<p>El alcalde de Chicago, el dem\u00f3crata Brandon Johnson, abog\u00f3 este martes por imputar a los agentes federales que infrinjan su orden ejecutiva que establece\u00a0&#8216;zonas libres&#8217;\u00a0de operativos migratorios ante la llegada de tropas estatales ahora federalizadas por orden del presidente Donald Trump. En una rueda de prensa, Johnson advirti\u00f3 que si los agentes federales violan las [&hellip;]<\/p>\n","protected":false},"author":2,"featured_media":231589,"comment_status":"closed","ping_status":"closed","sticky":false,"template":"","format":"standard","meta":{"footnotes":""},"categories":[12870,182],"tags":[12865,12871],"class_list":["post-231588","post","type-post","status-publish","format-standard","has-post-thumbnail","hentry","category-destacadas","category-internacional","tag-destacadas","tag-internacional"],"jetpack_featured_media_url":"https:\/\/rnoticias.com.mx\/Portal\/wp-content\/uploads\/2025\/10\/ice-mexicano-chicago.jpg","amp_enabled":true,"_links":{"self":[{"href":"https:\/\/rnoticias.com.mx\/Portal\/wp-json\/wp\/v2\/posts\/231588","targetHints":{"allow":["GET"]}}],"collection":[{"href":"https:\/\/rnoticias.com.mx\/Portal\/wp-json\/wp\/v2\/posts"}],"about":[{"href":"https:\/\/rnoticias.com.mx\/Portal\/wp-json\/wp\/v2\/types\/post"}],"author":[{"embeddable":true,"href":"https:\/\/rnoticias.com.mx\/Portal\/wp-json\/wp\/v2\/users\/2"}],"replies":[{"embeddable":true,"href":"https:\/\/rnoticias.com.mx\/Portal\/wp-json\/wp\/v2\/comments?post=231588"}],"version-history":[{"count":1,"href":"https:\/\/rnoticias.com.mx\/Portal\/wp-json\/wp\/v2\/posts\/231588\/revisions"}],"predecessor-version":[{"id":231590,"href":"https:\/\/rnoticias.com.mx\/Portal\/wp-json\/wp\/v2\/posts\/231588\/revisions\/231590"}],"wp:featuredmedia":[{"embeddable":true,"href":"https:\/\/rnoticias.com.mx\/Portal\/wp-json\/wp\/v2\/media\/231589"}],"wp:attachment":[{"href":"https:\/\/rnoticias.com.mx\/Portal\/wp-json\/wp\/v2\/media?parent=231588"}],"wp:term":[{"taxonomy":"category","embeddable":true,"href":"https:\/\/rnoticias.com.mx\/Portal\/wp-json\/wp\/v2\/categories?post=231588"},{"taxonomy":"post_tag","embeddable":true,"href":"https:\/\/rnoticias.com.mx\/Portal\/wp-json\/wp\/v2\/tags?post=231588"}],"curies":[{"name":"wp","href":"https:\/\/api.w.org\/{rel}","templated":true}]}}