{"id":231582,"date":"2025-10-07T18:52:01","date_gmt":"2025-10-08T01:52:01","guid":{"rendered":"https:\/\/rnoticias.com.mx\/Portal\/?p=231582"},"modified":"2025-10-07T18:52:01","modified_gmt":"2025-10-08T01:52:01","slug":"ieeypc-de-sonora-plantea-presupuesto-de-mas-de-550-mdp-de-cara-a-elecciones-locales","status":"publish","type":"post","link":"https:\/\/rnoticias.com.mx\/Portal\/2025\/10\/07\/ieeypc-de-sonora-plantea-presupuesto-de-mas-de-550-mdp-de-cara-a-elecciones-locales\/","title":{"rendered":"IEEyPC de Sonora plantea presupuesto de m\u00e1s de 550 mdp de cara a elecciones locales"},"content":{"rendered":"<p>Hermosillo, Sonora. Ante la proximidad del proceso electoral 2026-2027, el Instituto Estatal Electoral y de Participaci\u00f3n Ciudadana (IEEyPC) de Sonora present\u00f3 un anteproyecto de presupuesto que asciende a 551 millones de pesos.<\/p>\n<p>&nbsp;<\/p>\n<p>El consejero presidente del organismo, Nery Ruiz Arvizu, detall\u00f3 que del total solicitado, 174 millones de pesos se destinar\u00edan al financiamiento ordinario de los partidos pol\u00edticos, siendo Morena el que recibir\u00eda la mayor cantidad de recursos, seguido por el PRI y el PAN.<\/p>\n<p>&nbsp;<\/p>\n<p>\u201cEl aumento presupuestal obedece tanto al crecimiento en el n\u00famero de ciudadanos inscritos en el padr\u00f3n electoral como al ajuste derivado del valor de la Unidad de Medida y Actualizaci\u00f3n (UMA)\u201d, argument\u00f3.<\/p>\n<p>&nbsp;<\/p>\n<p>Precis\u00f3, que el presupuesto refleja un incremento natural considerando el contexto electoral y los factores demogr\u00e1ficos y econ\u00f3micos, ya que de los 179 millones considerados en este rubro, 174 millones corresponden a prerrogativas para partidos pol\u00edticos.<\/p>\n<p>&nbsp;<\/p>\n<p>Cabe recordar que el proceso electoral local dar\u00e1 inicio en octubre de 2026, por lo que el IEEyPC busca asegurar los recursos necesarios con antelaci\u00f3n para garantizar su operatividad.<\/p>\n<p>&nbsp;<\/p>\n","protected":false},"excerpt":{"rendered":"<p>Hermosillo, Sonora. Ante la proximidad del proceso electoral 2026-2027, el Instituto Estatal Electoral y de Participaci\u00f3n Ciudadana (IEEyPC) de Sonora present\u00f3 un anteproyecto de presupuesto que asciende a 551 millones de pesos. &nbsp; El consejero presidente del organismo, Nery Ruiz Arvizu, detall\u00f3 que del total solicitado, 174 millones de pesos se destinar\u00edan al financiamiento ordinario [&hellip;]<\/p>\n","protected":false},"author":2,"featured_media":231583,"comment_status":"closed","ping_status":"closed","sticky":false,"template":"","format":"standard","meta":{"footnotes":""},"categories":[12870,12868],"tags":[12865,12879],"class_list":["post-231582","post","type-post","status-publish","format-standard","has-post-thumbnail","hentry","category-destacadas","category-politica","tag-destacadas","tag-politica"],"jetpack_featured_media_url":"https:\/\/rnoticias.com.mx\/Portal\/wp-content\/uploads\/2025\/10\/GY0u6ouXkAMIT6Z.jpeg","amp_enabled":true,"_links":{"self":[{"href":"https:\/\/rnoticias.com.mx\/Portal\/wp-json\/wp\/v2\/posts\/231582","targetHints":{"allow":["GET"]}}],"collection":[{"href":"https:\/\/rnoticias.com.mx\/Portal\/wp-json\/wp\/v2\/posts"}],"about":[{"href":"https:\/\/rnoticias.com.mx\/Portal\/wp-json\/wp\/v2\/types\/post"}],"author":[{"embeddable":true,"href":"https:\/\/rnoticias.com.mx\/Portal\/wp-json\/wp\/v2\/users\/2"}],"replies":[{"embeddable":true,"href":"https:\/\/rnoticias.com.mx\/Portal\/wp-json\/wp\/v2\/comments?post=231582"}],"version-history":[{"count":1,"href":"https:\/\/rnoticias.com.mx\/Portal\/wp-json\/wp\/v2\/posts\/231582\/revisions"}],"predecessor-version":[{"id":231584,"href":"https:\/\/rnoticias.com.mx\/Portal\/wp-json\/wp\/v2\/posts\/231582\/revisions\/231584"}],"wp:featuredmedia":[{"embeddable":true,"href":"https:\/\/rnoticias.com.mx\/Portal\/wp-json\/wp\/v2\/media\/231583"}],"wp:attachment":[{"href":"https:\/\/rnoticias.com.mx\/Portal\/wp-json\/wp\/v2\/media?parent=231582"}],"wp:term":[{"taxonomy":"category","embeddable":true,"href":"https:\/\/rnoticias.com.mx\/Portal\/wp-json\/wp\/v2\/categories?post=231582"},{"taxonomy":"post_tag","embeddable":true,"href":"https:\/\/rnoticias.com.mx\/Portal\/wp-json\/wp\/v2\/tags?post=231582"}],"curies":[{"name":"wp","href":"https:\/\/api.w.org\/{rel}","templated":true}]}}