{"id":231572,"date":"2025-10-07T17:18:21","date_gmt":"2025-10-08T00:18:21","guid":{"rendered":"https:\/\/rnoticias.com.mx\/Portal\/?p=231572"},"modified":"2025-10-07T17:18:21","modified_gmt":"2025-10-08T00:18:21","slug":"presenta-diputado-ruben-gonzalez-iniciativa-para-prevenir-el-sindrome-de-edificio-o-vivienda-enferma","status":"publish","type":"post","link":"https:\/\/rnoticias.com.mx\/Portal\/2025\/10\/07\/presenta-diputado-ruben-gonzalez-iniciativa-para-prevenir-el-sindrome-de-edificio-o-vivienda-enferma\/","title":{"rendered":"Presenta diputado Rub\u00e9n Gonz\u00e1lez iniciativa para prevenir el S\u00edndrome de Edificio o Vivienda Enferma"},"content":{"rendered":"<p>Hermosillo, Sonora; 7 de octubre de 2025.- Con el prop\u00f3sito de atender las afectaciones a la salud que provoca la exposici\u00f3n prolongada a ambientes interiores contaminados o con deficiente ventilaci\u00f3n, condici\u00f3n conocida como S\u00edndrome del Edificio o Vivienda Enferma, el diputado Rub\u00e9n Refugio Gonz\u00e1lez Aguayo (PT) present\u00f3 ante el Pleno del Congreso del Estado una iniciativa de reforma a la Ley de Salud.<\/p>\n<p>El legislador detall\u00f3 que esta propuesta surge ante la necesidad de reconocer un problema poco visibilizado pero con impacto real en la salud de las personas, particularmente de quienes permanecen largas horas en oficinas, escuelas o viviendas con poca ventilaci\u00f3n. Mencion\u00f3 que entre los principales s\u00edntomas asociados a este s\u00edndrome se encuentran la irritaci\u00f3n ocular, nasal o de garganta, as\u00ed como dolores de cabeza, fatiga y problemas respiratorios.<\/p>\n<p>Gonz\u00e1lez Aguayo se\u00f1al\u00f3 que actualmente en M\u00e9xico no existe una normativa que regule la calidad del aire en interiores, ni en edificios p\u00fablicos ni privados, lo que deja sin un marco de protecci\u00f3n a la poblaci\u00f3n que labora o habita en espacios cerrados. Por ello propuso incorporar un cap\u00edtulo espec\u00edfico en la Ley de Salud que aborde la calidad del ambiente interior y establezca las bases para su regulaci\u00f3n.<\/p>\n<p>La iniciativa define las facultades de la Secretar\u00eda de Salud, a trav\u00e9s de la Comisi\u00f3n Estatal de Protecci\u00f3n contra Riesgos Sanitarios (Coesprisson), para llevar a cabo acciones de vigilancia, control y promoci\u00f3n sanitaria.<\/p>\n<p>Asimismo, mencion\u00f3 que se fijan obligaciones para los responsables de edificios p\u00fablicos y privados, quienes deber\u00e1n realizar registros peri\u00f3dicos sobre la calidad del aire al interior de los inmuebles, implementar programas de mantenimiento preventivo en sistemas de ventilaci\u00f3n y aire acondicionado, eliminar fuentes de humedad y facilitar las inspecciones sanitarias que correspondan.<\/p>\n","protected":false},"excerpt":{"rendered":"<p>Hermosillo, Sonora; 7 de octubre de 2025.- Con el prop\u00f3sito de atender las afectaciones a la salud que provoca la exposici\u00f3n prolongada a ambientes interiores contaminados o con deficiente ventilaci\u00f3n, condici\u00f3n conocida como S\u00edndrome del Edificio o Vivienda Enferma, el diputado Rub\u00e9n Refugio Gonz\u00e1lez Aguayo (PT) present\u00f3 ante el Pleno del Congreso del Estado una [&hellip;]<\/p>\n","protected":false},"author":2,"featured_media":231573,"comment_status":"closed","ping_status":"closed","sticky":false,"template":"","format":"standard","meta":{"footnotes":""},"categories":[12870,12868],"tags":[12865,12879],"class_list":["post-231572","post","type-post","status-publish","format-standard","has-post-thumbnail","hentry","category-destacadas","category-politica","tag-destacadas","tag-politica"],"jetpack_featured_media_url":"https:\/\/rnoticias.com.mx\/Portal\/wp-content\/uploads\/2025\/10\/d10b3149-9d92-48ac-a866-3dc14981721c.jpeg","amp_enabled":true,"_links":{"self":[{"href":"https:\/\/rnoticias.com.mx\/Portal\/wp-json\/wp\/v2\/posts\/231572","targetHints":{"allow":["GET"]}}],"collection":[{"href":"https:\/\/rnoticias.com.mx\/Portal\/wp-json\/wp\/v2\/posts"}],"about":[{"href":"https:\/\/rnoticias.com.mx\/Portal\/wp-json\/wp\/v2\/types\/post"}],"author":[{"embeddable":true,"href":"https:\/\/rnoticias.com.mx\/Portal\/wp-json\/wp\/v2\/users\/2"}],"replies":[{"embeddable":true,"href":"https:\/\/rnoticias.com.mx\/Portal\/wp-json\/wp\/v2\/comments?post=231572"}],"version-history":[{"count":1,"href":"https:\/\/rnoticias.com.mx\/Portal\/wp-json\/wp\/v2\/posts\/231572\/revisions"}],"predecessor-version":[{"id":231574,"href":"https:\/\/rnoticias.com.mx\/Portal\/wp-json\/wp\/v2\/posts\/231572\/revisions\/231574"}],"wp:featuredmedia":[{"embeddable":true,"href":"https:\/\/rnoticias.com.mx\/Portal\/wp-json\/wp\/v2\/media\/231573"}],"wp:attachment":[{"href":"https:\/\/rnoticias.com.mx\/Portal\/wp-json\/wp\/v2\/media?parent=231572"}],"wp:term":[{"taxonomy":"category","embeddable":true,"href":"https:\/\/rnoticias.com.mx\/Portal\/wp-json\/wp\/v2\/categories?post=231572"},{"taxonomy":"post_tag","embeddable":true,"href":"https:\/\/rnoticias.com.mx\/Portal\/wp-json\/wp\/v2\/tags?post=231572"}],"curies":[{"name":"wp","href":"https:\/\/api.w.org\/{rel}","templated":true}]}}