{"id":231566,"date":"2025-10-07T16:19:20","date_gmt":"2025-10-07T23:19:20","guid":{"rendered":"https:\/\/rnoticias.com.mx\/Portal\/?p=231566"},"modified":"2025-10-07T16:19:20","modified_gmt":"2025-10-07T23:19:20","slug":"buscan-se-elimine-el-matrimonio-entre-menores-de-edad-en-sonora-fngs","status":"publish","type":"post","link":"https:\/\/rnoticias.com.mx\/Portal\/2025\/10\/07\/buscan-se-elimine-el-matrimonio-entre-menores-de-edad-en-sonora-fngs\/","title":{"rendered":"Buscan se elimine el matrimonio entre menores de edad en Sonora: FNGS"},"content":{"rendered":"<p>En el marco del D\u00eda Internacional de la Ni\u00f1a, la directora de la Fundaci\u00f3n Nueva Generaci\u00f3n Sonora, Michelle Lucero, destac\u00f3 la necesidad de cerrar vac\u00edos legales que a\u00fan permiten el matrimonio en adolescentes en la entidad.<\/p>\n<p>&nbsp;<\/p>\n<p>Record\u00f3 que el pasado 17 de septiembre la diputada Gabriela F\u00e9lix present\u00f3 una iniciativa ante el Congreso del Estado para homologar el C\u00f3digo de Familias y eliminar la posibilidad de que j\u00f3venes de 16 y 17 a\u00f1os puedan casarse con el consentimiento de sus padres o tutores.<\/p>\n<p>&nbsp;<\/p>\n<p>\u201cVemos que aqu\u00ed en Sonora, con datos del Censo de Poblaci\u00f3n y Vivienda de 2020, se registraron 5.935 adolescentes que se encuentran entre los 12 y 17 a\u00f1os de edad en matrimonio o en uni\u00f3n temprana. \u00bfQu\u00e9 quiere decir esto? Que no necesariamente se registra dentro de un acta de matrimonio,\u00a0sino que deciden salir de sus casas para irse a vivir con su pareja\u201d, narr\u00f3.<\/p>\n<p>&nbsp;<\/p>\n<p>A\u00f1adi\u00f3, que de esos casi seis mil menores entre 12 y 17 a\u00f1os en matrimonio o uni\u00f3n libre el 75% son mujeres; tambi\u00e9n del total, el 91% de los casos corresponde a j\u00f3venes de 15 a 17 a\u00f1os y el 9% a ni\u00f1as de entre 12 y 14.<\/p>\n<p>&nbsp;<\/p>\n<p>Enfatiz\u00f3, que la fundaci\u00f3n que dirige impulsar\u00e1 acciones de sensibilizaci\u00f3n y respaldo a la iniciativa legislativa para que el matrimonio solo sea legal a partir de los 18 a\u00f1os.<\/p>\n<p>&nbsp;<\/p>\n<p>Por otra parte, Michelle Lucero, subray\u00f3 que estas uniones tempranas limitan el desarrollo educativo y profesional, adem\u00e1s de aumentar el riesgo de embarazos no planeados y violencia.<\/p>\n<p>&nbsp;<\/p>\n<p>\u201cLa mayor\u00eda de los casos se concentran en Hermosillo, Cajeme, San Luis R\u00edo Colorado y Guaymas, aunque en municipios peque\u00f1os como San Miguel de Horcasitas la incidencia alcanza hasta un 10%\u201d, culmin\u00f3.<\/p>\n","protected":false},"excerpt":{"rendered":"<p>En el marco del D\u00eda Internacional de la Ni\u00f1a, la directora de la Fundaci\u00f3n Nueva Generaci\u00f3n Sonora, Michelle Lucero, destac\u00f3 la necesidad de cerrar vac\u00edos legales que a\u00fan permiten el matrimonio en adolescentes en la entidad. &nbsp; Record\u00f3 que el pasado 17 de septiembre la diputada Gabriela F\u00e9lix present\u00f3 una iniciativa ante el Congreso del [&hellip;]<\/p>\n","protected":false},"author":2,"featured_media":231567,"comment_status":"closed","ping_status":"closed","sticky":false,"template":"","format":"standard","meta":{"footnotes":""},"categories":[12870,178],"tags":[12865,12869],"class_list":["post-231566","post","type-post","status-publish","format-standard","has-post-thumbnail","hentry","category-destacadas","category-local","tag-destacadas","tag-local"],"jetpack_featured_media_url":"https:\/\/rnoticias.com.mx\/Portal\/wp-content\/uploads\/2025\/10\/86918e05-261d-441e-a5be-858557344873.jpeg","amp_enabled":true,"_links":{"self":[{"href":"https:\/\/rnoticias.com.mx\/Portal\/wp-json\/wp\/v2\/posts\/231566","targetHints":{"allow":["GET"]}}],"collection":[{"href":"https:\/\/rnoticias.com.mx\/Portal\/wp-json\/wp\/v2\/posts"}],"about":[{"href":"https:\/\/rnoticias.com.mx\/Portal\/wp-json\/wp\/v2\/types\/post"}],"author":[{"embeddable":true,"href":"https:\/\/rnoticias.com.mx\/Portal\/wp-json\/wp\/v2\/users\/2"}],"replies":[{"embeddable":true,"href":"https:\/\/rnoticias.com.mx\/Portal\/wp-json\/wp\/v2\/comments?post=231566"}],"version-history":[{"count":1,"href":"https:\/\/rnoticias.com.mx\/Portal\/wp-json\/wp\/v2\/posts\/231566\/revisions"}],"predecessor-version":[{"id":231568,"href":"https:\/\/rnoticias.com.mx\/Portal\/wp-json\/wp\/v2\/posts\/231566\/revisions\/231568"}],"wp:featuredmedia":[{"embeddable":true,"href":"https:\/\/rnoticias.com.mx\/Portal\/wp-json\/wp\/v2\/media\/231567"}],"wp:attachment":[{"href":"https:\/\/rnoticias.com.mx\/Portal\/wp-json\/wp\/v2\/media?parent=231566"}],"wp:term":[{"taxonomy":"category","embeddable":true,"href":"https:\/\/rnoticias.com.mx\/Portal\/wp-json\/wp\/v2\/categories?post=231566"},{"taxonomy":"post_tag","embeddable":true,"href":"https:\/\/rnoticias.com.mx\/Portal\/wp-json\/wp\/v2\/tags?post=231566"}],"curies":[{"name":"wp","href":"https:\/\/api.w.org\/{rel}","templated":true}]}}