{"id":231547,"date":"2025-10-07T14:40:38","date_gmt":"2025-10-07T21:40:38","guid":{"rendered":"https:\/\/rnoticias.com.mx\/Portal\/?p=231547"},"modified":"2025-10-07T14:41:41","modified_gmt":"2025-10-07T21:41:41","slug":"impulsa-gobierno-de-sonora-la-creacion-de-la-primera-banda-de-guerra-monumental-sec","status":"publish","type":"post","link":"https:\/\/rnoticias.com.mx\/Portal\/2025\/10\/07\/impulsa-gobierno-de-sonora-la-creacion-de-la-primera-banda-de-guerra-monumental-sec\/","title":{"rendered":"Impulsa Gobierno de Sonora la creaci\u00f3n de la primera Banda de Guerra Monumental: SEC"},"content":{"rendered":"<p>Hermosillo, Sonora; 7 de octubre de 2025.- Con la participaci\u00f3n de 184 alumnos de seis secundarias de Hermosillo, el Gobierno de Sonora, a trav\u00e9s de la Secretar\u00eda de Educaci\u00f3n y Cultura (SEC) impuls\u00f3 la creaci\u00f3n de la primera Banda de Guerra Monumental en la entidad.<\/p>\n<p>Con el gran esfuerzo y colaboraci\u00f3n de seis instructores, fue posible la conformaci\u00f3n de dicha agrupaci\u00f3n, cuya primera participaci\u00f3n en p\u00fablico ser\u00e1 durante el tradicional Desfile C\u00edvico, Deportivo y Cultural para conmemorar el 115 Aniversario del Inicio de la Revoluci\u00f3n Mexicana.<\/p>\n<p>El titular de la SEC, Froyl\u00e1n G\u00e1mez Gamboa, se\u00f1al\u00f3 que gracias al respaldo del gobernador Alfonso Durazo, fue posible concretar este importante proyecto a trav\u00e9s del cual sus integrantes demostrar\u00e1n con talento, energ\u00eda y orgullo las habilidades adquiridas al representar a sus planteles educativos.<\/p>\n<p>A\u00f1adi\u00f3 que con la Banda de Guerra Monumental tambi\u00e9n se busca promover la disciplina que se forja en el alumnado, para seguir foment\u00e1ndolo a la par de su formaci\u00f3n acad\u00e9mica en las aulas.<\/p>\n<p>El funcionario estatal refrend\u00f3 el compromiso de brindarles acompa\u00f1amiento para que se conviertan en la mejor Banda de Guerra Monumental de M\u00e9xico y un ejemplo positivo para las ni\u00f1as, ni\u00f1os y adolescentes de Sonora.<\/p>\n<p>*Integrantes de la Banda de Guerra Monumental*:<\/p>\n<p>\u2022 Secundaria General No. 1 \u201cJuan Escutia\u201d.<\/p>\n<p>\u2022 Secundaria General No. 12 \u201cNicol\u00e1s Cedano Torres\u201d.<\/p>\n<p>\u2022 Secundaria Estatal No. 33 \u201cProf. Ren\u00e9 J. Arvizu Durazo\u201d.<\/p>\n<p>\u2022 Secundaria Estatal No. 31 \u201cProf. Miguel \u00c1ngel Loya Mart\u00ednez\u201d.<\/p>\n<p>\u2022 Secundaria General No. 7 \u201cJos\u00e9 Mar\u00eda Gonz\u00e1lez Hermosillo\u201d.<\/p>\n<p>\u2022 Telesecundaria No. 186.<\/p>\n","protected":false},"excerpt":{"rendered":"<p>Hermosillo, Sonora; 7 de octubre de 2025.- Con la participaci\u00f3n de 184 alumnos de seis secundarias de Hermosillo, el Gobierno de Sonora, a trav\u00e9s de la Secretar\u00eda de Educaci\u00f3n y Cultura (SEC) impuls\u00f3 la creaci\u00f3n de la primera Banda de Guerra Monumental en la entidad. Con el gran esfuerzo y colaboraci\u00f3n de seis instructores, fue [&hellip;]<\/p>\n","protected":false},"author":2,"featured_media":231548,"comment_status":"closed","ping_status":"closed","sticky":false,"template":"","format":"standard","meta":{"footnotes":""},"categories":[12870,178],"tags":[12865,12869],"class_list":["post-231547","post","type-post","status-publish","format-standard","has-post-thumbnail","hentry","category-destacadas","category-local","tag-destacadas","tag-local"],"jetpack_featured_media_url":"https:\/\/rnoticias.com.mx\/Portal\/wp-content\/uploads\/2025\/10\/unnamed-1-6.jpg","amp_enabled":true,"_links":{"self":[{"href":"https:\/\/rnoticias.com.mx\/Portal\/wp-json\/wp\/v2\/posts\/231547","targetHints":{"allow":["GET"]}}],"collection":[{"href":"https:\/\/rnoticias.com.mx\/Portal\/wp-json\/wp\/v2\/posts"}],"about":[{"href":"https:\/\/rnoticias.com.mx\/Portal\/wp-json\/wp\/v2\/types\/post"}],"author":[{"embeddable":true,"href":"https:\/\/rnoticias.com.mx\/Portal\/wp-json\/wp\/v2\/users\/2"}],"replies":[{"embeddable":true,"href":"https:\/\/rnoticias.com.mx\/Portal\/wp-json\/wp\/v2\/comments?post=231547"}],"version-history":[{"count":1,"href":"https:\/\/rnoticias.com.mx\/Portal\/wp-json\/wp\/v2\/posts\/231547\/revisions"}],"predecessor-version":[{"id":231549,"href":"https:\/\/rnoticias.com.mx\/Portal\/wp-json\/wp\/v2\/posts\/231547\/revisions\/231549"}],"wp:featuredmedia":[{"embeddable":true,"href":"https:\/\/rnoticias.com.mx\/Portal\/wp-json\/wp\/v2\/media\/231548"}],"wp:attachment":[{"href":"https:\/\/rnoticias.com.mx\/Portal\/wp-json\/wp\/v2\/media?parent=231547"}],"wp:term":[{"taxonomy":"category","embeddable":true,"href":"https:\/\/rnoticias.com.mx\/Portal\/wp-json\/wp\/v2\/categories?post=231547"},{"taxonomy":"post_tag","embeddable":true,"href":"https:\/\/rnoticias.com.mx\/Portal\/wp-json\/wp\/v2\/tags?post=231547"}],"curies":[{"name":"wp","href":"https:\/\/api.w.org\/{rel}","templated":true}]}}