{"id":231534,"date":"2025-10-07T09:11:19","date_gmt":"2025-10-07T16:11:19","guid":{"rendered":"https:\/\/rnoticias.com.mx\/Portal\/?p=231534"},"modified":"2025-10-07T09:11:19","modified_gmt":"2025-10-07T16:11:19","slug":"senalan-a-diputado-por-propuesta-ley-antistickers-y-la-rechazan-en-el-congreso","status":"publish","type":"post","link":"https:\/\/rnoticias.com.mx\/Portal\/2025\/10\/07\/senalan-a-diputado-por-propuesta-ley-antistickers-y-la-rechazan-en-el-congreso\/","title":{"rendered":"Se\u00f1alan a diputado por propuesta &#8220;Ley antistickers&#8221; y la &#8220;rechazan&#8221; en el Congreso"},"content":{"rendered":"<p>El uso de memes, stickers, videos o im\u00e1genes alteradas con fines de burla o desprestigio podr\u00eda dejar de ser visto como una simple broma en redes sociales. Una nueva iniciativa legislativa busca establecer sanciones de hasta seis a\u00f1os de prisi\u00f3n y\u00a0<strong>600 d\u00edas de multa para quienes elaboren, modifiquen o difundan este tipo de contenido digital.<\/strong><\/p>\n<p>&nbsp;<\/p>\n<h2>La iniciativa: \u201cLey Anti-Stickers\u201d<\/h2>\n<p>La propuesta fue presentada por el diputado Armando Corona Arvizu, integrante del partido Morena, quien plantea reformar el C\u00f3digo Penal Federal con el objetivo de\u00a0<mark>sancionar a quienes usen herramientas de edici\u00f3n o Inteligencia Artificial para manipular im\u00e1genes, audios o videos<\/mark>\u00a0con el prop\u00f3sito de da\u00f1ar la reputaci\u00f3n o la imagen de una persona.<\/p>\n<div class=\"div-pos-2\"><\/div>\n<p>El legislador explic\u00f3 que la tecnolog\u00eda ha dejado de ser solo un medio de comunicaci\u00f3n para convertirse en\u00a0<i><strong>\u201cuna herramienta con el poder de construir o destruir reputaciones en segundos\u201d.\u00a0<\/strong><\/i>En ese sentido, consider\u00f3 que los memes, stickers y contenidos manipulados representan<mark>\u00a0una forma emergente de violencia digital que no debe ser normalizada.<\/mark><\/p>\n<div class=\" b2\"><\/div>\n<blockquote><p>\u201cCada imagen manipulada, cada audio falseado y cada meme compartido sin autorizaci\u00f3n representa un ataque directo contra la dignidad, el honor y la vida privada de las personas\u201d, afirm\u00f3 Corona Arvizu.<\/p><\/blockquote>\n<div>\n<div id=\"twitter-455\" class=\"ck-twitter\"><span class=\"item first\">\u00a0<\/span>\u00a0<span class=\"item second\">\u00a0<\/span>\u00a0<span class=\"item third\">\u00a0<\/span><\/div>\n<\/div>\n<h2>Contexto y posibles sanciones<\/h2>\n<p>De aprobarse, la reforma permitir\u00eda castigar la creaci\u00f3n o distribuci\u00f3n de:<\/p>\n<ul>\n<li>Memes, stickers o gifs ofensivos.<\/li>\n<li>Videos o audios alterados digitalmente.<\/li>\n<li>Contenido viral que genere da\u00f1o o afecte a terceros.<\/li>\n<\/ul>\n<p>Adem\u00e1s, el documento se\u00f1alaba que si la v\u00edctima es un servidor p\u00fablico,\u00a0<strong>la pena podr\u00eda incrementarse hasta en una mitad.<\/strong><\/p>\n<div>\n<div id=\"twitter-193\" class=\"ck-twitter\"><span class=\"item first\">\u00a0<\/span>\u00a0<span class=\"item second\">\u00a0<\/span>\u00a0<span class=\"item third\">\u00a0<\/span><\/div>\n<\/div>\n<h2>Una pr\u00e1ctica com\u00fan con posibles consecuencias<\/h2>\n<p>Con la expansi\u00f3n de la tecnolog\u00eda y las redes sociales, crear y compartir stickers o memes de conocidos, familiares, figuras p\u00fablicas o pol\u00edticos se ha vuelto una pr\u00e1ctica cotidiana.\u00a0<mark>Aunque muchas personas lo perciben como algo inofensivo, otras consideran que este tipo de material puede resultar discriminatorio o perjudicar la reputaci\u00f3n de quienes aparecen en ellos.<\/mark><\/p>\n<p>Hasta el momento, la llamada \u201cLey Anti-Stickers\u201d sigue siendo \u00fanicamente una propuesta y no ha entrado en vigor. Aun as\u00ed, ha generado un intenso debate entre quienes la respaldan como una medida necesaria para combatir la violencia digital y<strong>\u00a0quienes la consideran una restricci\u00f3n a la libertad de expresi\u00f3n.<\/strong><\/p>\n<div class=\"div-pos-7\"><\/div>\n<h2>Ley \u201cno pasar\u00e1\u201d<\/h2>\n<p>El coordinador de la bancada de Morena en el Congreso de la Uni\u00f3n, Ricardo Monreal,\u00a0<mark>expres\u00f3 su rechazo a la llamada \u201cLey Anti-Stickers\u201d,<\/mark>\u00a0la cual plantea imponer penas de hasta\u00a0<strong>seis a\u00f1os de prisi\u00f3n y multas econ\u00f3micas<\/strong>\u00a0a quienes elaboren o compartan memes o videos creados con inteligencia artificial sin el consentimiento de las personas involucradas.<\/p>\n<p>Monreal advirti\u00f3 que\u00a0<strong>dicha iniciativa, impulsada por un legislador de su mismo partido, no ser\u00e1 aprobada, ya que, a su juicio, podr\u00eda vulnerar la libertad de expresi\u00f3n.<\/strong><\/p>\n","protected":false},"excerpt":{"rendered":"<p>El uso de memes, stickers, videos o im\u00e1genes alteradas con fines de burla o desprestigio podr\u00eda dejar de ser visto como una simple broma en redes sociales. Una nueva iniciativa legislativa busca establecer sanciones de hasta seis a\u00f1os de prisi\u00f3n y\u00a0600 d\u00edas de multa para quienes elaboren, modifiquen o difundan este tipo de contenido digital. [&hellip;]<\/p>\n","protected":false},"author":2,"featured_media":231535,"comment_status":"closed","ping_status":"closed","sticky":false,"template":"","format":"standard","meta":{"footnotes":""},"categories":[12870,172],"tags":[12865,12874],"class_list":["post-231534","post","type-post","status-publish","format-standard","has-post-thumbnail","hentry","category-destacadas","category-nacional","tag-destacadas","tag-nacional"],"jetpack_featured_media_url":"https:\/\/rnoticias.com.mx\/Portal\/wp-content\/uploads\/2025\/10\/Proyecto-nuevo-2025-10-04T102534.313.jpg","amp_enabled":true,"_links":{"self":[{"href":"https:\/\/rnoticias.com.mx\/Portal\/wp-json\/wp\/v2\/posts\/231534","targetHints":{"allow":["GET"]}}],"collection":[{"href":"https:\/\/rnoticias.com.mx\/Portal\/wp-json\/wp\/v2\/posts"}],"about":[{"href":"https:\/\/rnoticias.com.mx\/Portal\/wp-json\/wp\/v2\/types\/post"}],"author":[{"embeddable":true,"href":"https:\/\/rnoticias.com.mx\/Portal\/wp-json\/wp\/v2\/users\/2"}],"replies":[{"embeddable":true,"href":"https:\/\/rnoticias.com.mx\/Portal\/wp-json\/wp\/v2\/comments?post=231534"}],"version-history":[{"count":1,"href":"https:\/\/rnoticias.com.mx\/Portal\/wp-json\/wp\/v2\/posts\/231534\/revisions"}],"predecessor-version":[{"id":231536,"href":"https:\/\/rnoticias.com.mx\/Portal\/wp-json\/wp\/v2\/posts\/231534\/revisions\/231536"}],"wp:featuredmedia":[{"embeddable":true,"href":"https:\/\/rnoticias.com.mx\/Portal\/wp-json\/wp\/v2\/media\/231535"}],"wp:attachment":[{"href":"https:\/\/rnoticias.com.mx\/Portal\/wp-json\/wp\/v2\/media?parent=231534"}],"wp:term":[{"taxonomy":"category","embeddable":true,"href":"https:\/\/rnoticias.com.mx\/Portal\/wp-json\/wp\/v2\/categories?post=231534"},{"taxonomy":"post_tag","embeddable":true,"href":"https:\/\/rnoticias.com.mx\/Portal\/wp-json\/wp\/v2\/tags?post=231534"}],"curies":[{"name":"wp","href":"https:\/\/api.w.org\/{rel}","templated":true}]}}