{"id":231507,"date":"2025-10-07T08:26:39","date_gmt":"2025-10-07T15:26:39","guid":{"rendered":"https:\/\/rnoticias.com.mx\/Portal\/?p=231507"},"modified":"2025-10-07T08:26:39","modified_gmt":"2025-10-07T15:26:39","slug":"los-25-anos-de-amores-perros-reconcilian-a-la-pareja-de-creadores-inarritu-arriaga","status":"publish","type":"post","link":"https:\/\/rnoticias.com.mx\/Portal\/2025\/10\/07\/los-25-anos-de-amores-perros-reconcilian-a-la-pareja-de-creadores-inarritu-arriaga\/","title":{"rendered":"Los 25 a\u00f1os de &#8216;Amores Perros&#8217; reconcilian a la pareja de creadores I\u00f1\u00e1rritu-Arriaga"},"content":{"rendered":"<p><strong>La proyecci\u00f3n de la pel\u00edcula \u2018Amores Perros\u2019 en el Palacio de Bellas Artes,<\/strong>\u00a0el m\u00e1ximo recinto cultural en M\u00e9xico, 25 a\u00f1os despu\u00e9s de su creaci\u00f3n, reuni\u00f3 nuevamente al afamado director mexicano Alejandro Gonz\u00e1lez I\u00f1\u00e1rritu y su guionista Guillermo Arriaga, quienes anunciaron su reconciliaci\u00f3n tras m\u00e1s de dos d\u00e9cadas de distanciamiento.<\/p>\n<p><strong>\u201cDesafortunadamente, hace 20 a\u00f1os, hubo una fractura, una separaci\u00f3n muy dolorosa originada por el desencuentro y diferentes puntos de vista, pero tambi\u00e9n azuzada por muchas otras personas e intereses\u201d<\/strong>, manifest\u00f3 I\u00f1\u00e1rritu durante la presentaci\u00f3n del largometraje en el centro hist\u00f3rico de la capital.<\/p>\n<p>Sin embargo, destac\u00f3 que fue \u201c<strong>la coyuntura del aniversario\u201d<\/strong>\u00a0n\u00famero 25 de esta cinta -que marc\u00f3 un antes y un despu\u00e9s en el cine mexicano al inicio del siglo- lo que logr\u00f3 hacer de un lado las diferencias entre ambos iconos de la cultura nacional.<\/p>\n<p><strong>\u201cHa sido el marco perfecto para poder hacer a un lado nuestras diferencias y reencontrar ese cari\u00f1o profundo y mutuo que siempre compartimos. En un mundo de odio y lleno de intolerancia, hemos decidido reconstruir esa hermandad que siempre tuvimos\u201d,<\/strong>\u00a0agreg\u00f3 el multipremiado realizador y creador de obras merecedoras del \u00d3scar como \u2018El renacido\u2019 (2015).<\/p>\n<p>Segundos antes de terminar su discurso, I\u00f1\u00e1rritu invit\u00f3 al escenario de Bellas Artes, uno de los m\u00e1s espectaculares del pa\u00eds, al escritor Guillermo Arriaga, quien confirm\u00f3 la reconciliaci\u00f3n con el sello de la\u00a0<strong>\u201chermandad\u201d.<\/strong><\/p>\n<p><strong>\u201cA\u00fan en momentos de heridas profundas, siempre existe la posibilidad de la conciliaci\u00f3n. Y creo que, en un momento tan complicado en el mundo, que este se\u00f1or y yo estemos juntos de nuevo -como lo que siempre fuimos: hermanos-, es algo muy poderoso. Ayer nos vimos por primera vez despu\u00e9s de dos d\u00e9cadas\u201d,\u00a0<\/strong>confes\u00f3 el autor ganador del premio Alfaguara en 2020.<\/p>\n<p>Para I\u00f1\u00e1rritu, de 62 a\u00f1os, \u2018Amores Perros\u00b4 es una de la de las insignias m\u00e1s importantes de su trayectoria, un hecho que record\u00f3 en esta noche y en la que adem\u00e1s recalc\u00f3 que\u00a0<strong>\u201cen lo personal\u201d<\/strong>\u00a0lo m\u00e1s hermoso que le dio esta cinta fue una familia, la cual est\u00e1 conformada por Arriaga, pero tambi\u00e9n por actores de la talla de Gael Garc\u00eda Bernal o el reci\u00e9n fallecido Emilio Echevarr\u00eda (1944-2025).<\/p>\n<p>La celebraci\u00f3n organizada por la Secretar\u00eda de Cultura del Gobierno de M\u00e9xico, a trav\u00e9s del Instituto Mexicano de Cinematograf\u00eda (Imcine) y el Instituto Nacional de Bellas Artes y Literatura (Inbal), culminar\u00e1 con un concierto especial de Gustavo Santaolalla, compositor argentino de la banda sonora original, quien tambi\u00e9n ha participado en otros filmes de I\u00f1\u00e1rritu, como Babel (2006).<\/p>\n<p><strong>&#8216;Amores Perros&#8217;\u00a0<\/strong>se estren\u00f3 en el 2000 bajo la direcci\u00f3n de I\u00f1\u00e1rritu y guion de Arriaga, una cinta que cuenta la vida de tres personas que se entrecruzan cuando dos j\u00f3venes sufren un accidente de auto huyendo hacia un futuro mejor, un sue\u00f1o que los protagonistas de la historia comparten a pesar de la diferencia de clases.<\/p>\n","protected":false},"excerpt":{"rendered":"<p>La proyecci\u00f3n de la pel\u00edcula \u2018Amores Perros\u2019 en el Palacio de Bellas Artes,\u00a0el m\u00e1ximo recinto cultural en M\u00e9xico, 25 a\u00f1os despu\u00e9s de su creaci\u00f3n, reuni\u00f3 nuevamente al afamado director mexicano Alejandro Gonz\u00e1lez I\u00f1\u00e1rritu y su guionista Guillermo Arriaga, quienes anunciaron su reconciliaci\u00f3n tras m\u00e1s de dos d\u00e9cadas de distanciamiento. \u201cDesafortunadamente, hace 20 a\u00f1os, hubo una [&hellip;]<\/p>\n","protected":false},"author":2,"featured_media":231508,"comment_status":"closed","ping_status":"closed","sticky":false,"template":"","format":"standard","meta":{"footnotes":""},"categories":[12870,219],"tags":[12865,12875],"class_list":["post-231507","post","type-post","status-publish","format-standard","has-post-thumbnail","hentry","category-destacadas","category-espectaculos","tag-destacadas","tag-espectaculos"],"jetpack_featured_media_url":"https:\/\/rnoticias.com.mx\/Portal\/wp-content\/uploads\/2025\/10\/081025B.jpg","amp_enabled":true,"_links":{"self":[{"href":"https:\/\/rnoticias.com.mx\/Portal\/wp-json\/wp\/v2\/posts\/231507","targetHints":{"allow":["GET"]}}],"collection":[{"href":"https:\/\/rnoticias.com.mx\/Portal\/wp-json\/wp\/v2\/posts"}],"about":[{"href":"https:\/\/rnoticias.com.mx\/Portal\/wp-json\/wp\/v2\/types\/post"}],"author":[{"embeddable":true,"href":"https:\/\/rnoticias.com.mx\/Portal\/wp-json\/wp\/v2\/users\/2"}],"replies":[{"embeddable":true,"href":"https:\/\/rnoticias.com.mx\/Portal\/wp-json\/wp\/v2\/comments?post=231507"}],"version-history":[{"count":1,"href":"https:\/\/rnoticias.com.mx\/Portal\/wp-json\/wp\/v2\/posts\/231507\/revisions"}],"predecessor-version":[{"id":231509,"href":"https:\/\/rnoticias.com.mx\/Portal\/wp-json\/wp\/v2\/posts\/231507\/revisions\/231509"}],"wp:featuredmedia":[{"embeddable":true,"href":"https:\/\/rnoticias.com.mx\/Portal\/wp-json\/wp\/v2\/media\/231508"}],"wp:attachment":[{"href":"https:\/\/rnoticias.com.mx\/Portal\/wp-json\/wp\/v2\/media?parent=231507"}],"wp:term":[{"taxonomy":"category","embeddable":true,"href":"https:\/\/rnoticias.com.mx\/Portal\/wp-json\/wp\/v2\/categories?post=231507"},{"taxonomy":"post_tag","embeddable":true,"href":"https:\/\/rnoticias.com.mx\/Portal\/wp-json\/wp\/v2\/tags?post=231507"}],"curies":[{"name":"wp","href":"https:\/\/api.w.org\/{rel}","templated":true}]}}