{"id":231504,"date":"2025-10-07T08:25:23","date_gmt":"2025-10-07T15:25:23","guid":{"rendered":"https:\/\/rnoticias.com.mx\/Portal\/?p=231504"},"modified":"2025-10-07T08:25:23","modified_gmt":"2025-10-07T15:25:23","slug":"salen-de-israel-mexicanos-de-flotilla-global-sumud-inician-repatriacion-a-mexico","status":"publish","type":"post","link":"https:\/\/rnoticias.com.mx\/Portal\/2025\/10\/07\/salen-de-israel-mexicanos-de-flotilla-global-sumud-inician-repatriacion-a-mexico\/","title":{"rendered":"Salen de Israel mexicanos de Flotilla Global Sumud; inician repatriaci\u00f3n a M\u00e9xico"},"content":{"rendered":"<p>Los seis<strong>\u00a0mexicanos<\/strong>\u00a0que estaban detenidos en\u00a0<strong>Israel<\/strong>, como parte de una misi\u00f3n humanitaria en\u00a0<strong>Gaza<\/strong>, salieron de ese pa\u00eds e iniciaron su\u00a0<strong>repatriaci\u00f3n hacia M\u00e9xico<\/strong>, inform\u00f3 este martes la\u00a0<strong>Secretar\u00eda de Relaciones Exteriores<\/strong>\u00a0(SRE).<\/p>\n<p>Al ser trasladados a Am\u00e1n,\u00a0<strong>Jordania<\/strong>, los connacionales fueron recibidos por el\u00a0<strong>embajador de M\u00e9xico en Israel<\/strong>, quien los acompa\u00f1ar\u00e1 hasta la\u00a0<strong>Ciudad de M\u00e9xico<\/strong>. Los mexicanos son:<\/p>\n<ul>\n<li>Sol Gonz\u00e1lez Egu\u00eda<\/li>\n<li>Ernesto Ledesma Arronte<\/li>\n<li>Arl\u00edn Medrano Guzm\u00e1n<\/li>\n<li>Carlos P\u00e9rez Osorio<\/li>\n<li>Diego V\u00e1zquez Galindo<\/li>\n<li>Laura Alejandra Vel\u00e9z Ruiz Gait\u00e1n<\/li>\n<\/ul>\n<p>La SRE agradeci\u00f3 el apoyo del gobierno de Jordania, ante el cual se realizaron las\u00a0<strong>gestiones diplom\u00e1ticas<\/strong>\u00a0que permitieron el ingreso de los mexicanos a ese pa\u00eds. Asimismo, indic\u00f3 que se ha mantenido en contacto permanente con los familiares de los connacionales que est\u00e1n siendo repatriados, reiterando que su prioridad es garantizar la seguridad e integridad f\u00edsica de todas y todos los mexicanos en el exterior.<\/p>\n<div class=\"twitter-tweet twitter-tweet-rendered\"><\/div>\n<p>&nbsp;<\/p>\n<p>Fuente: milenio<\/p>\n","protected":false},"excerpt":{"rendered":"<p>Los seis\u00a0mexicanos\u00a0que estaban detenidos en\u00a0Israel, como parte de una misi\u00f3n humanitaria en\u00a0Gaza, salieron de ese pa\u00eds e iniciaron su\u00a0repatriaci\u00f3n hacia M\u00e9xico, inform\u00f3 este martes la\u00a0Secretar\u00eda de Relaciones Exteriores\u00a0(SRE). Al ser trasladados a Am\u00e1n,\u00a0Jordania, los connacionales fueron recibidos por el\u00a0embajador de M\u00e9xico en Israel, quien los acompa\u00f1ar\u00e1 hasta la\u00a0Ciudad de M\u00e9xico. Los mexicanos son: Sol Gonz\u00e1lez [&hellip;]<\/p>\n","protected":false},"author":2,"featured_media":231505,"comment_status":"closed","ping_status":"closed","sticky":false,"template":"","format":"standard","meta":{"footnotes":""},"categories":[12870,172],"tags":[12865,12874],"class_list":["post-231504","post","type-post","status-publish","format-standard","has-post-thumbnail","hentry","category-destacadas","category-nacional","tag-destacadas","tag-nacional"],"jetpack_featured_media_url":"https:\/\/rnoticias.com.mx\/Portal\/wp-content\/uploads\/2025\/10\/mexicanos-israel-repatriados.webp","amp_enabled":true,"_links":{"self":[{"href":"https:\/\/rnoticias.com.mx\/Portal\/wp-json\/wp\/v2\/posts\/231504","targetHints":{"allow":["GET"]}}],"collection":[{"href":"https:\/\/rnoticias.com.mx\/Portal\/wp-json\/wp\/v2\/posts"}],"about":[{"href":"https:\/\/rnoticias.com.mx\/Portal\/wp-json\/wp\/v2\/types\/post"}],"author":[{"embeddable":true,"href":"https:\/\/rnoticias.com.mx\/Portal\/wp-json\/wp\/v2\/users\/2"}],"replies":[{"embeddable":true,"href":"https:\/\/rnoticias.com.mx\/Portal\/wp-json\/wp\/v2\/comments?post=231504"}],"version-history":[{"count":1,"href":"https:\/\/rnoticias.com.mx\/Portal\/wp-json\/wp\/v2\/posts\/231504\/revisions"}],"predecessor-version":[{"id":231506,"href":"https:\/\/rnoticias.com.mx\/Portal\/wp-json\/wp\/v2\/posts\/231504\/revisions\/231506"}],"wp:featuredmedia":[{"embeddable":true,"href":"https:\/\/rnoticias.com.mx\/Portal\/wp-json\/wp\/v2\/media\/231505"}],"wp:attachment":[{"href":"https:\/\/rnoticias.com.mx\/Portal\/wp-json\/wp\/v2\/media?parent=231504"}],"wp:term":[{"taxonomy":"category","embeddable":true,"href":"https:\/\/rnoticias.com.mx\/Portal\/wp-json\/wp\/v2\/categories?post=231504"},{"taxonomy":"post_tag","embeddable":true,"href":"https:\/\/rnoticias.com.mx\/Portal\/wp-json\/wp\/v2\/tags?post=231504"}],"curies":[{"name":"wp","href":"https:\/\/api.w.org\/{rel}","templated":true}]}}