{"id":231484,"date":"2025-10-06T20:13:58","date_gmt":"2025-10-07T03:13:58","guid":{"rendered":"https:\/\/rnoticias.com.mx\/Portal\/?p=231484"},"modified":"2025-10-06T20:13:58","modified_gmt":"2025-10-07T03:13:58","slug":"rocio-durcal-llegara-a-la-pantalla-en-un-documental-y-una-serie","status":"publish","type":"post","link":"https:\/\/rnoticias.com.mx\/Portal\/2025\/10\/06\/rocio-durcal-llegara-a-la-pantalla-en-un-documental-y-una-serie\/","title":{"rendered":"Roc\u00edo D\u00farcal llegar\u00e1 a la pantalla en un documental y una serie"},"content":{"rendered":"<p>La productora espa\u00f1ola Buend\u00eda Estudios anunci\u00f3 este mi\u00e9rcoles que alista un documental y una serie sobre la\u00a0<strong>cantante Roc\u00edo D\u00farcal, nacida en Espa\u00f1a, junto a la firma Sony Music M\u00e9xico, lo que se suma a una pel\u00edcula anunciada el a\u00f1o pasado.<\/strong><\/p>\n<p><strong>&#8220;Buend\u00eda Estudios y Sony Music M\u00e9xico nos unimos en un gran proyecto dedicado a Roc\u00edo D\u00farcal&#8221;,<\/strong>\u00a0revel\u00f3 la productora en sus redes sociales.<\/p>\n<p>El anuncio ocurri\u00f3 primero durante un panel en el Iberseries &amp; Platino Industria, que se denomina como la<strong>\u00a0&#8220;mayor cita industrial del audiovisual iberoamericano&#8221;<\/strong>, en Madrid.<\/p>\n<p><strong>&#8220;Hemos anunciado el desarrollo y la producci\u00f3n de una serie de ficci\u00f3n y una serie documental dedicado a Roc\u00edo D\u00farcal: un icono que trasciende generaciones&#8221;<\/strong>, concluy\u00f3 Buend\u00eda Estudios sin m\u00e1s detalles.<\/p>\n<p>Estas producciones se suman al anuncio, en septiembre de 2024, de una pel\u00edcula sobre la vida de D\u00farcal que saldr\u00e1 dos d\u00e9cadas despu\u00e9s de su muerte y explorar\u00e1 su carrera musical, su impacto en la m\u00fasica latina y su relaci\u00f3n con el g\u00e9nero regional mexicano.<\/p>\n<p>En ese entonces\u00a0<strong>Sony Music Vision, Sony Music M\u00e9xico y Dean Altit, de Altit Media Group, destacaron que la producci\u00f3n &#8220;rescatar\u00e1 su extraordinaria carrera,<\/strong>\u00a0su impacto en la m\u00fasica latina y el papel que desempe\u00f1\u00f3 en la popularizaci\u00f3n de las rancheras y los boleros&#8221;.<\/p>\n<p>D\u00farcal (1944-2006) comenz\u00f3 su carrera en Espa\u00f1a, pero en Latinoam\u00e9rica se le conoce por su carrera en M\u00e9xico, donde interpret\u00f3 \u00e9xitos compuestos por el fallecido cantautor Juan Gabriel,\u00a0<strong>como &#8216;Costumbres&#8217;, &#8216;Amor eterno&#8217;, y &#8216;Fue un placer conocerte&#8217;.<\/strong><\/p>\n<p>A lo largo de su trayectoria obtuvo un Latin Grammy a la excelencia musical en 2005, tres nominaciones a ese premio y otras tres a los Grammy.<\/p>\n<p>Tambi\u00e9n, particip\u00f3 en m\u00e1s de veinte pel\u00edculas<strong>, grab\u00f3 otros tantos discos, registr\u00f3 m\u00e1s de 11.000 millones de audio y v\u00eddeo &#8216;streams&#8217; globales y vendi\u00f3 m\u00e1s de cuarenta millones de \u00e1lbumes.<\/strong><\/p>\n","protected":false},"excerpt":{"rendered":"<p>La productora espa\u00f1ola Buend\u00eda Estudios anunci\u00f3 este mi\u00e9rcoles que alista un documental y una serie sobre la\u00a0cantante Roc\u00edo D\u00farcal, nacida en Espa\u00f1a, junto a la firma Sony Music M\u00e9xico, lo que se suma a una pel\u00edcula anunciada el a\u00f1o pasado. &#8220;Buend\u00eda Estudios y Sony Music M\u00e9xico nos unimos en un gran proyecto dedicado a Roc\u00edo [&hellip;]<\/p>\n","protected":false},"author":2,"featured_media":231485,"comment_status":"closed","ping_status":"closed","sticky":false,"template":"","format":"standard","meta":{"footnotes":""},"categories":[12870,219],"tags":[12865,12875],"class_list":["post-231484","post","type-post","status-publish","format-standard","has-post-thumbnail","hentry","category-destacadas","category-espectaculos","tag-destacadas","tag-espectaculos"],"jetpack_featured_media_url":"https:\/\/rnoticias.com.mx\/Portal\/wp-content\/uploads\/2025\/10\/1f76975f25ee2d04849aafb240f8b143.webp","amp_enabled":true,"_links":{"self":[{"href":"https:\/\/rnoticias.com.mx\/Portal\/wp-json\/wp\/v2\/posts\/231484","targetHints":{"allow":["GET"]}}],"collection":[{"href":"https:\/\/rnoticias.com.mx\/Portal\/wp-json\/wp\/v2\/posts"}],"about":[{"href":"https:\/\/rnoticias.com.mx\/Portal\/wp-json\/wp\/v2\/types\/post"}],"author":[{"embeddable":true,"href":"https:\/\/rnoticias.com.mx\/Portal\/wp-json\/wp\/v2\/users\/2"}],"replies":[{"embeddable":true,"href":"https:\/\/rnoticias.com.mx\/Portal\/wp-json\/wp\/v2\/comments?post=231484"}],"version-history":[{"count":1,"href":"https:\/\/rnoticias.com.mx\/Portal\/wp-json\/wp\/v2\/posts\/231484\/revisions"}],"predecessor-version":[{"id":231486,"href":"https:\/\/rnoticias.com.mx\/Portal\/wp-json\/wp\/v2\/posts\/231484\/revisions\/231486"}],"wp:featuredmedia":[{"embeddable":true,"href":"https:\/\/rnoticias.com.mx\/Portal\/wp-json\/wp\/v2\/media\/231485"}],"wp:attachment":[{"href":"https:\/\/rnoticias.com.mx\/Portal\/wp-json\/wp\/v2\/media?parent=231484"}],"wp:term":[{"taxonomy":"category","embeddable":true,"href":"https:\/\/rnoticias.com.mx\/Portal\/wp-json\/wp\/v2\/categories?post=231484"},{"taxonomy":"post_tag","embeddable":true,"href":"https:\/\/rnoticias.com.mx\/Portal\/wp-json\/wp\/v2\/tags?post=231484"}],"curies":[{"name":"wp","href":"https:\/\/api.w.org\/{rel}","templated":true}]}}