{"id":231472,"date":"2025-10-06T19:49:53","date_gmt":"2025-10-07T02:49:53","guid":{"rendered":"https:\/\/rnoticias.com.mx\/Portal\/?p=231472"},"modified":"2025-10-06T19:49:53","modified_gmt":"2025-10-07T02:49:53","slug":"chavez-jr-niega-vinculos-con-narco-y-narra-su-detencion-en-estados-unidos","status":"publish","type":"post","link":"https:\/\/rnoticias.com.mx\/Portal\/2025\/10\/06\/chavez-jr-niega-vinculos-con-narco-y-narra-su-detencion-en-estados-unidos\/","title":{"rendered":"Ch\u00e1vez Jr. niega v\u00ednculos con narco y narra su detenci\u00f3n en Estados Unidos"},"content":{"rendered":"<p>El boxeador<strong>\u00a0Julio C\u00e9sar Ch\u00e1vez Jr. habl\u00f3 por primera vez sobre su detenci\u00f3n migratoria y el proceso judicial que enfrenta por presuntos v\u00ednculos con el narcotr\u00e1fico<\/strong>, en una entrevista concedida al cronista\u00a0<strong>Carlos Aguilar<\/strong>\u00a0para\u00a0<strong>TUDN<\/strong>.<\/p>\n<p>En la conversaci\u00f3n, el hijo del Gran Campe\u00f3n Mexicano\u00a0<strong>neg\u00f3 rotundamente las acusaciones que le atribuyen las autoridades de Estados Unidos<\/strong>, que lo se\u00f1alan de colaborar con una facci\u00f3n del C\u00e1rtel de Sinaloa.<\/p>\n<p><em><strong><span style=\"color: #00b050;\">&#8220;Claro que lo soy (inocente), no soy traficante. En Culiac\u00e1n todo mundo lo sabe. Golpear gente para un c\u00e1rtel y esas cosas, no, no, gracias a Dios no he tenido la necesidad&#8221;<\/span><\/strong><\/em>, afirm\u00f3 el p\u00fagil de 39 a\u00f1os.<\/p>\n<p>Ch\u00e1vez Jr. relat\u00f3 los detalles de\u00a0<strong>su arresto en California<\/strong>\u00a0y el largo traslado que lo llev\u00f3 a\u00a0<strong>permanecer m\u00e1s de 40 d\u00edas detenido en Texas<\/strong>, antes de ser deportado a M\u00e9xico.<\/p>\n<p><strong><em><span style=\"color: #00b050;\">&#8220;Cuando me detuvieron en California me llevaron a una c\u00e1rcel provisional para llenar el papeleo. Yo pens\u00e9: \u2018me van a deportar, m\u00e1ndenme con mi pap\u00e1\u2019. Pero no. Ah\u00ed comenz\u00f3 la traves\u00eda. Me movieron por cinco carros diferentes durante m\u00e1s de 30 horas hasta Texas, donde estuve cinco d\u00edas, y luego me trasladaron esposado a Arizona, donde pas\u00e9 44 d\u00edas detenido&#8221;<\/span><\/em><\/strong>, narr\u00f3.<\/p>\n<p>El exboxeador asegur\u00f3 que<strong>\u00a0su arresto fue un \u201cshock\u201d y que jam\u00e1s imagin\u00f3 ser se\u00f1alado por delitos de narcotr\u00e1fico<\/strong>, ya que \u2014dijo\u2014 siempre actu\u00f3 conforme a la ley.<\/p>\n<p><strong><em><span style=\"color: #00b050;\">&#8220;Ten\u00eda visa y todo en regla. Sal\u00ed a pasear en el pat\u00edn y, en la segunda vuelta, llegaron cinco patrullas. Me la cancelaron ese mismo d\u00eda. Jam\u00e1s pens\u00e9 que algo as\u00ed me iba a pasar&#8221;<\/span><\/em><\/strong>, cont\u00f3.<\/p>\n<p>Ya en territorio mexicano,\u00a0<strong><a title=\"Ch\u00e1vez Jr. fue ingresado al Centro Federal de Readaptaci\u00f3n Social (Cefereso) de Hermosillo, Sonora\" href=\"https:\/\/www.expreso.com.mx\/noticias\/mexico\/julio-cesar-chavez-jr-es-recluido-en-penal-de-sonora\/237276\" target=\"_blank\" rel=\"noopener\">Ch\u00e1vez Jr. fue ingresado al Centro Federal de Readaptaci\u00f3n Social (Cefereso) de Hermosillo, Sonora<\/a><\/strong>, antes de obtener su libertad provisional. El juez le permiti\u00f3 continuar su proceso fuera de prisi\u00f3n, con\u00a0<strong>restricciones de viaje y obligaci\u00f3n de mantenerse localizable<\/strong>\u00a0ante las autoridades.<\/p>\n<p>Durante la entrevista, el hijo del legendario Julio C\u00e9sar Ch\u00e1vez agradeci\u00f3 el respaldo de sus padres y<strong>\u00a0reconoci\u00f3 haber cometido errores<\/strong>, pero insisti\u00f3 en que nunca ha sido una mala persona.<\/p>\n<p><strong><em><span style=\"color: #00b050;\">&#8220;Yo quiero mucho a mi pap\u00e1 y a mi mam\u00e1. Les agradezco que me hayan apoyado y que me disculpen. Siempre he sido buen hijo, buen amigo y buen padre. Tengo muchos errores, pero no soy una persona mala&#8221;<\/span><\/em><\/strong>, expres\u00f3.<\/p>\n<p>El boxeador a\u00f1adi\u00f3 que continuar\u00e1 su defensa\u00a0<strong>para demostrar su inocencia<\/strong>\u00a0y que espera poder retomar su carrera deportiva cuando las condiciones legales se lo permitan.<\/p>\n","protected":false},"excerpt":{"rendered":"<p>El boxeador\u00a0Julio C\u00e9sar Ch\u00e1vez Jr. habl\u00f3 por primera vez sobre su detenci\u00f3n migratoria y el proceso judicial que enfrenta por presuntos v\u00ednculos con el narcotr\u00e1fico, en una entrevista concedida al cronista\u00a0Carlos Aguilar\u00a0para\u00a0TUDN. En la conversaci\u00f3n, el hijo del Gran Campe\u00f3n Mexicano\u00a0neg\u00f3 rotundamente las acusaciones que le atribuyen las autoridades de Estados Unidos, que lo se\u00f1alan [&hellip;]<\/p>\n","protected":false},"author":2,"featured_media":231473,"comment_status":"closed","ping_status":"closed","sticky":false,"template":"","format":"standard","meta":{"footnotes":""},"categories":[188,12870],"tags":[5231,12865],"class_list":["post-231472","post","type-post","status-publish","format-standard","has-post-thumbnail","hentry","category-deportes","category-destacadas","tag-deportes","tag-destacadas"],"jetpack_featured_media_url":"https:\/\/rnoticias.com.mx\/Portal\/wp-content\/uploads\/2025\/10\/por-que-detuvieron-julio-cesar-chavez-usa-cartel-sinaloa-2.png","amp_enabled":true,"_links":{"self":[{"href":"https:\/\/rnoticias.com.mx\/Portal\/wp-json\/wp\/v2\/posts\/231472","targetHints":{"allow":["GET"]}}],"collection":[{"href":"https:\/\/rnoticias.com.mx\/Portal\/wp-json\/wp\/v2\/posts"}],"about":[{"href":"https:\/\/rnoticias.com.mx\/Portal\/wp-json\/wp\/v2\/types\/post"}],"author":[{"embeddable":true,"href":"https:\/\/rnoticias.com.mx\/Portal\/wp-json\/wp\/v2\/users\/2"}],"replies":[{"embeddable":true,"href":"https:\/\/rnoticias.com.mx\/Portal\/wp-json\/wp\/v2\/comments?post=231472"}],"version-history":[{"count":1,"href":"https:\/\/rnoticias.com.mx\/Portal\/wp-json\/wp\/v2\/posts\/231472\/revisions"}],"predecessor-version":[{"id":231474,"href":"https:\/\/rnoticias.com.mx\/Portal\/wp-json\/wp\/v2\/posts\/231472\/revisions\/231474"}],"wp:featuredmedia":[{"embeddable":true,"href":"https:\/\/rnoticias.com.mx\/Portal\/wp-json\/wp\/v2\/media\/231473"}],"wp:attachment":[{"href":"https:\/\/rnoticias.com.mx\/Portal\/wp-json\/wp\/v2\/media?parent=231472"}],"wp:term":[{"taxonomy":"category","embeddable":true,"href":"https:\/\/rnoticias.com.mx\/Portal\/wp-json\/wp\/v2\/categories?post=231472"},{"taxonomy":"post_tag","embeddable":true,"href":"https:\/\/rnoticias.com.mx\/Portal\/wp-json\/wp\/v2\/tags?post=231472"}],"curies":[{"name":"wp","href":"https:\/\/api.w.org\/{rel}","templated":true}]}}