{"id":231466,"date":"2025-10-06T19:40:56","date_gmt":"2025-10-07T02:40:56","guid":{"rendered":"https:\/\/rnoticias.com.mx\/Portal\/?p=231466"},"modified":"2025-10-06T19:40:56","modified_gmt":"2025-10-07T02:40:56","slug":"con-liderazgo-etico-gap-escala-posiciones-entre-las-empresas-mas-confiables-del-pais","status":"publish","type":"post","link":"https:\/\/rnoticias.com.mx\/Portal\/2025\/10\/06\/con-liderazgo-etico-gap-escala-posiciones-entre-las-empresas-mas-confiables-del-pais\/","title":{"rendered":"CON LIDERAZGO \u00c9TICO, GAP ESCALA POSICIONES ENTRE LAS EMPRESAS M\u00c1S CONFIABLES DEL PA\u00cdS"},"content":{"rendered":"<p><strong data-olk-copy-source=\"MessageBody\">Ciudad de M\u00e9xico, 06 de octubre del 2025<\/strong>. Grupo Aeroportuario del Pac\u00edfico (GAP) ha sido reconocido en la posici\u00f3n 21 del ranking \u201cEmpresas M\u00e1s \u00c9ticas 2025\u201d en M\u00e9xico, una distinci\u00f3n que se otorga a las organizaciones que promueven una cultura organizacional s\u00f3lida, basada en principios y valores \u00e9ticos.<\/p>\n<p>Este ranking se construye a partir de una encuesta de percepci\u00f3n aplicada tanto a representantes institucionales como a colaboradores de las empresas evaluadas. El instrumento mide la \u00e9tica organizacional desde dos \u00e1ngulos: la visi\u00f3n institucional y la experiencia de quienes forman parte del d\u00eda a d\u00eda de la organizaci\u00f3n.<\/p>\n<p>Esta metodolog\u00eda est\u00e1 creada por AMITAI\u00ae, consiste en una herramienta de evaluaci\u00f3n \u00e9tica alineada con su programa de identidad corporativa denominado \u201c3E\u2019s\u201d (Elementos, Eficacia y Evidencia). Este modelo se estructura en torno a las siguientes dimensiones clave:<\/p>\n<ul type=\"disc\">\n<li><strong>Promoci\u00f3n de la cultura \u00e9tica:<\/strong>\u00a0c\u00f3mo se viven y se transmiten los valores de la organizaci\u00f3n y hacia los grupos de inter\u00e9s.<\/li>\n<li><strong>Filosof\u00eda \u00e9tica del negocio:<\/strong>\u00a0la coherencia entre los valores institucionales y la operaci\u00f3n cotidiana.<\/li>\n<li><strong>Liderazgo \u00e9tico:<\/strong>\u00a0predicar con ejemplo y fomentar el comportamiento \u00e9tico en todos los niveles.<\/li>\n<li><strong>Impacto en la comunidad:<\/strong>\u00a0el compromiso tangible con el desarrollo de las comunidades donde opera.<\/li>\n<\/ul>\n<p>A lo largo de su historia, GAP ha mantenido su compromiso con la \u00e9tica, promoviendo acciones concretas que refuerzan su cultura organizacional. Entre ellas destacan:<\/p>\n<ul type=\"disc\">\n<li>La publicaci\u00f3n y accesibilidad de su C\u00f3digo de \u00c9tica en su sitio web.<\/li>\n<li>El desarrollo de pol\u00edticas contra la corrupci\u00f3n y el soborno, acompa\u00f1adas de mecanismos de difusi\u00f3n internos.<\/li>\n<li>La implementaci\u00f3n de canales como su l\u00ednea de denuncia, dise\u00f1ada para reportar posibles incumplimientos al c\u00f3digo de \u00e9tica o las pol\u00edticas de integridad.<\/li>\n<\/ul>\n<p>Desde hace m\u00e1s de una d\u00e9cada, GAP tambi\u00e9n impulsa el desarrollo social a trav\u00e9s de la Fundaci\u00f3n GAP, una organizaci\u00f3n sin fines de lucro enfocada en promover la escalabilidad social mediante la educaci\u00f3n, beneficiando a comunidades cercanas a sus aeropuertos.<\/p>\n<p>GAP particip\u00f3 por primera vez en el ranking Empresas M\u00e1s \u00c9ticas en 2022. Desde entonces ha lanzado campa\u00f1as internas enfocadas en promover el liderazgo \u00e9tico y fortalecer la integridad empresarial. Como parte de esta estrategia, tambi\u00e9n instaur\u00f3 una encuesta anual sobre percepci\u00f3n de \u00e9tica, integridad y anticorrupci\u00f3n entre su personal.<\/p>\n<p>Este reconocimiento reafirma el compromiso de GAP con sus colaboradores, aliados y grupos de inter\u00e9s, consolidando una cultura organizacional basada en la honestidad, la empat\u00eda y el respeto.<\/p>\n<p aria-hidden=\"true\">\n","protected":false},"excerpt":{"rendered":"<p>Ciudad de M\u00e9xico, 06 de octubre del 2025. Grupo Aeroportuario del Pac\u00edfico (GAP) ha sido reconocido en la posici\u00f3n 21 del ranking \u201cEmpresas M\u00e1s \u00c9ticas 2025\u201d en M\u00e9xico, una distinci\u00f3n que se otorga a las organizaciones que promueven una cultura organizacional s\u00f3lida, basada en principios y valores \u00e9ticos. Este ranking se construye a partir de [&hellip;]<\/p>\n","protected":false},"author":2,"featured_media":231467,"comment_status":"closed","ping_status":"closed","sticky":false,"template":"","format":"standard","meta":{"footnotes":""},"categories":[12870,178],"tags":[12865,12869],"class_list":["post-231466","post","type-post","status-publish","format-standard","has-post-thumbnail","hentry","category-destacadas","category-local","tag-destacadas","tag-local"],"jetpack_featured_media_url":"https:\/\/rnoticias.com.mx\/Portal\/wp-content\/uploads\/2025\/10\/Aeropuertos-GAP-scaled.jpg","amp_enabled":true,"_links":{"self":[{"href":"https:\/\/rnoticias.com.mx\/Portal\/wp-json\/wp\/v2\/posts\/231466","targetHints":{"allow":["GET"]}}],"collection":[{"href":"https:\/\/rnoticias.com.mx\/Portal\/wp-json\/wp\/v2\/posts"}],"about":[{"href":"https:\/\/rnoticias.com.mx\/Portal\/wp-json\/wp\/v2\/types\/post"}],"author":[{"embeddable":true,"href":"https:\/\/rnoticias.com.mx\/Portal\/wp-json\/wp\/v2\/users\/2"}],"replies":[{"embeddable":true,"href":"https:\/\/rnoticias.com.mx\/Portal\/wp-json\/wp\/v2\/comments?post=231466"}],"version-history":[{"count":1,"href":"https:\/\/rnoticias.com.mx\/Portal\/wp-json\/wp\/v2\/posts\/231466\/revisions"}],"predecessor-version":[{"id":231468,"href":"https:\/\/rnoticias.com.mx\/Portal\/wp-json\/wp\/v2\/posts\/231466\/revisions\/231468"}],"wp:featuredmedia":[{"embeddable":true,"href":"https:\/\/rnoticias.com.mx\/Portal\/wp-json\/wp\/v2\/media\/231467"}],"wp:attachment":[{"href":"https:\/\/rnoticias.com.mx\/Portal\/wp-json\/wp\/v2\/media?parent=231466"}],"wp:term":[{"taxonomy":"category","embeddable":true,"href":"https:\/\/rnoticias.com.mx\/Portal\/wp-json\/wp\/v2\/categories?post=231466"},{"taxonomy":"post_tag","embeddable":true,"href":"https:\/\/rnoticias.com.mx\/Portal\/wp-json\/wp\/v2\/tags?post=231466"}],"curies":[{"name":"wp","href":"https:\/\/api.w.org\/{rel}","templated":true}]}}