{"id":231460,"date":"2025-10-06T19:37:02","date_gmt":"2025-10-07T02:37:02","guid":{"rendered":"https:\/\/rnoticias.com.mx\/Portal\/?p=231460"},"modified":"2025-10-06T19:37:02","modified_gmt":"2025-10-07T02:37:02","slug":"busca-ine-herramientas-de-mejora-en-la-aplicacion-del-voto-de-personas-mexicanas-residentes-en-el-extranjero-jorge-montano-ventura","status":"publish","type":"post","link":"https:\/\/rnoticias.com.mx\/Portal\/2025\/10\/06\/busca-ine-herramientas-de-mejora-en-la-aplicacion-del-voto-de-personas-mexicanas-residentes-en-el-extranjero-jorge-montano-ventura\/","title":{"rendered":"Busca INE herramientas de mejora en la aplicaci\u00f3n del voto de personas mexicanas residentes en el extranjero: Jorge Monta\u00f1o Ventura"},"content":{"rendered":"<p><span data-olk-copy-source=\"MessageBody\">El Consejero del Instituto Nacional Electoral (INE), Jorge Monta\u00f1o Ventura, particip\u00f3 en el foro\u00a0<i>Di\u00e1logos Postelectorales<\/i>, organizado por el Instituto Electoral del Estado de Puebla, donde disert\u00f3 sobre\u00a0<i>Inclusi\u00f3n y derechos pol\u00edtico-electorales de los migrantes<\/i>. Durante su intervenci\u00f3n, analiz\u00f3 los retos y avances del voto migrante en el Proceso Electoral Federal 2023-2024.<\/span><\/p>\n<p>&nbsp;<\/p>\n<p>El Consejero se\u00f1al\u00f3 que, para dicha elecci\u00f3n, se habilitaron 23 sedes diplom\u00e1ticas para el ejercicio del voto en el exterior, localizadas principalmente en Estados Unidos, Canad\u00e1, Espa\u00f1a y Francia. Destac\u00f3 que Canad\u00e1 y Espa\u00f1a registraron los niveles de participaci\u00f3n m\u00e1s altos. En el caso de Madrid, subray\u00f3 que las boletas se agotaron inesperadamente antes del cierre de casillas, lo que super\u00f3 las previsiones iniciales para la comunidad mexicana residente en esa ciudad.<\/p>\n<p>&nbsp;<\/p>\n<p>En el mismo sentido, explic\u00f3 que en Canad\u00e1 la participaci\u00f3n fue notable: mientras los registros previos en internet alcanzaron aproximadamente 182 mil inscripciones, la emisi\u00f3n final de votos fue de alrededor de 223 mil, lo que representa un incremento del 82 %. Este hecho, afirm\u00f3, evidenci\u00f3 la necesidad de implementar reformas y mejoras operativas para garantizar de manera m\u00e1s eficaz el voto de las personas mexicanas en el extranjero.<\/p>\n<p>&nbsp;<\/p>\n<p>Monta\u00f1o Ventura, quien tambi\u00e9n preside la Comisi\u00f3n de Vinculaci\u00f3n con Organismos P\u00fablicos Locales (CVOPL), enumer\u00f3 diversas propuestas para fortalecer, ampliar y garantizar el derecho al voto desde el exterior. Entre ellas se encuentran:<\/p>\n<p>&nbsp;<\/p>\n<ul>\n<li><span role=\"presentation\">La implementaci\u00f3n del voto anticipado para personas con discapacidad, siguiendo un modelo similar al estadounidense, que permite sufragar hasta 30 d\u00edas antes de la Jornada Electoral y ha arrojado resultados altamente positivos.<\/span><\/li>\n<li><span role=\"presentation\">La garant\u00eda del voto para personas en prisi\u00f3n preventiva (VPPP), un derecho que, enfatiz\u00f3 el Consejero, debe ser permitido.<\/span><\/li>\n<li><span role=\"presentation\">La credencializaci\u00f3n permanente en zonas de alta participaci\u00f3n, como California, en coordinaci\u00f3n con la Canciller\u00eda.<\/span><\/li>\n<li><span role=\"presentation\">La evaluaci\u00f3n para establecer nuevas sedes receptoras en Sudam\u00e9rica, en particular en Bolivia, donde reside una comunidad mexicana significativa.<\/span><\/li>\n<li><span role=\"presentation\">La posible ampliaci\u00f3n de la sede consular en Espa\u00f1a, propuesta que se encuentra sujeta a la disponibilidad presupuestaria para el a\u00f1o 2026.<\/span><\/li>\n<\/ul>\n<p>&nbsp;<\/p>\n<p>Respecto a la operaci\u00f3n, el Consejero Electoral reconoci\u00f3 la labor de las personas funcionarias del Instituto, que fueron debidamente capacitadas y acreditadas para otorgar los servicios durante la elecci\u00f3n de 2024, por lo que para el Proceso Electoral 2027, el objetivo ser\u00e1 contar con personal experimentado, documentaci\u00f3n en regla y formaci\u00f3n continua.<\/p>\n<p>&nbsp;<\/p>\n<p>Jorge Monta\u00f1o Ventura -quien fungi\u00f3 como presidente de la Comisi\u00f3n del Proceso Electoral Extraordinario del Poder Judicial de la Federaci\u00f3n- manifest\u00f3 que, si bien en dicha elecci\u00f3n judicial de 2025 no se implementaron el voto migrante ni el voto en prisi\u00f3n preventiva, se reconoce la labor de los \u00f3rganos locales, fiscal\u00edas y tribunales electorales. Para el pr\u00f3ximo proceso electoral del Poder Judicial de la Federaci\u00f3n, previsto para 2027, el INE espera mantener o incrementar los niveles de participaci\u00f3n ciudadana en las sedes de voto en el exterior.<\/p>\n<p>&nbsp;<\/p>\n<p><b><i>El Instituto organiza elecciones no legisla: Jorge Monta\u00f1o Ventura<\/i><\/b><\/p>\n<p><b><i>\u00a0<\/i><\/b><\/p>\n<p>Mencion\u00f3 que el primer avance en la reforma electoral se espera para los meses de diciembre o enero, con vistas a su posible aprobaci\u00f3n total por el Poder Legislativo en mayo de 2026.<\/p>\n<p>&nbsp;<\/p>\n<p>Consider\u00f3 pertinente esta calendarizaci\u00f3n, ya que el siguiente proceso electoral inicia en septiembre de ese mismo a\u00f1o.<\/p>\n<p>&nbsp;<\/p>\n<p>Asimismo, el Consejero reiter\u00f3 su postura sobre la inviabilidad de realizar elecciones federales, estatales y judiciales de manera concurrente, debido a la falta de capacidad t\u00e9cnica, operativa y presupuestal. Por lo anterior, afirm\u00f3 que la pr\u00f3xima propuesta de reforma debe establecer con claridad los calendarios para la elecci\u00f3n de titulares de los gobiernos estatales e integrantes del Poder Judicial.<\/p>\n<p>&nbsp;<\/p>\n<p>\u201cEl INE organiza elecciones, pero no legisla ni califica resultados; esas funciones corresponden a otros actores\u201d, recalc\u00f3 Monta\u00f1o Ventura. En este contexto, precis\u00f3 que el Consejo General ha emitido regulaciones espec\u00edficas en el estricto marco de las facultades y atribuciones que la ley le confiere.<\/p>\n<p>&nbsp;<\/p>\n<p>Finalmente, tras agradecer el trabajo de los comit\u00e9s durante la pasada elecci\u00f3n judicial, el Consejero Monta\u00f1o Ventura indic\u00f3 que su propuesta principal, que presentar\u00e1 en los foros de reforma electoral en las entidades federativas y en el Congreso de la Uni\u00f3n, es que el INE sea el \u00f3rgano encargado del registro de las personas candidatas para el proceso electoral de 2027.<\/p>\n<p>&nbsp;<\/p>\n<p><b><i>Capacitaci\u00f3n es clave para aumentar la participaci\u00f3n ciudadana<\/i><\/b><\/p>\n<p><b><i>\u00a0<\/i><\/b><\/p>\n<p>En su participaci\u00f3n Pedro Pablo Chirinos, Director de la Unidad T\u00e9cnica de Vinculaci\u00f3n con los Organismos P\u00fablicos Locales del INE, explic\u00f3 que estos encuentros buscan conservar las buenas pr\u00e1cticas estatales y herramientas innovadoras en referencia al voto de las personas mexicanas residentes en el extranjero.<\/p>\n<p>&nbsp;<\/p>\n<p>Chirinos indic\u00f3 que resultado de un an\u00e1lisis transversal, realizado por la Unidad a su cargo, de c\u00f3mo las entidades han llevado a cabo las medidas del voto de las personas mexicanas residentes en el extranjero, dio como resultado, que la implementaci\u00f3n de esta modalidad de voto ha sido paulatina y diferenciada entre las entidades.<\/p>\n<p>&nbsp;<\/p>\n<p>En ese sentido, sostuvo que durante el Proceso Electoral 2023-2024, 10 organismos p\u00fablicos aprobaron, mediante acciones afirmativas, la postulaci\u00f3n de candidaturas migrantes, destacando los casos de Hidalgo, Quintana Roo y Tlaxcala. Mientras que, en Ciudad de M\u00e9xico, Guerrero, Jalisco, Oaxaca y Zacatecas, ya cuentan con esta figura migrante en sus congresos.<\/p>\n<p>&nbsp;<\/p>\n<p>\u201cToda esta diversidad en la composici\u00f3n de las entidades pone de relieve el \u00e1ngulo que mencionaba el Consejero Monta\u00f1o: Lo federal se construye desde las entidades\u201d, afirm\u00f3 Chirino P\u00e9rez.<\/p>\n<p>&nbsp;<\/p>\n<p>Tambi\u00e9n dijo que los Organismos P\u00fablicos Locales, quienes organizan elecciones con caracter\u00edsticas propias y diferenciadas, con circunstancias en el \u00e1mbito pol\u00edtico, cultural, social y presupuestal, justifican su permanencia, pues cuentan con la capacidad y experiencias para sacar adelante las elecciones y reafirm\u00f3 el inter\u00e9s de tratar de homologar las buenas pr\u00e1cticas y perfeccionar la implementaci\u00f3n del voto en el extranjero.<\/p>\n<p>&nbsp;<\/p>\n<p>Manifest\u00f3 que aunque el factor econ\u00f3mico para la implementaci\u00f3n de esta modalidad de votaci\u00f3n es determinante, la capacitaci\u00f3n es clave para aumentar la participaci\u00f3n ciudadana.<\/p>\n<p>&nbsp;<\/p>\n<p>Finalmente hizo un llamado, pues \u201cla discusi\u00f3n de la cosa p\u00fablica se ha venido hiperpolitizando en esta nueva era de la contra-democracia, redes sociales y nuevos mecanismos de protesta, son estos foros la voz que permite a las instituciones defender sus resultados, pues a partir de estos ejercicios seguir\u00e1 mejorando la democracia en el pa\u00eds\u201d.<\/p>\n","protected":false},"excerpt":{"rendered":"<p>El Consejero del Instituto Nacional Electoral (INE), Jorge Monta\u00f1o Ventura, particip\u00f3 en el foro\u00a0Di\u00e1logos Postelectorales, organizado por el Instituto Electoral del Estado de Puebla, donde disert\u00f3 sobre\u00a0Inclusi\u00f3n y derechos pol\u00edtico-electorales de los migrantes. Durante su intervenci\u00f3n, analiz\u00f3 los retos y avances del voto migrante en el Proceso Electoral Federal 2023-2024. &nbsp; El Consejero se\u00f1al\u00f3 que, [&hellip;]<\/p>\n","protected":false},"author":2,"featured_media":231461,"comment_status":"closed","ping_status":"closed","sticky":false,"template":"","format":"standard","meta":{"footnotes":""},"categories":[12870,12868],"tags":[12865,12879],"class_list":["post-231460","post","type-post","status-publish","format-standard","has-post-thumbnail","hentry","category-destacadas","category-politica","tag-destacadas","tag-politica"],"jetpack_featured_media_url":"https:\/\/rnoticias.com.mx\/Portal\/wp-content\/uploads\/2025\/10\/673587ba-ad00-4e28-949d-23d211dabd92.jpg","amp_enabled":true,"_links":{"self":[{"href":"https:\/\/rnoticias.com.mx\/Portal\/wp-json\/wp\/v2\/posts\/231460","targetHints":{"allow":["GET"]}}],"collection":[{"href":"https:\/\/rnoticias.com.mx\/Portal\/wp-json\/wp\/v2\/posts"}],"about":[{"href":"https:\/\/rnoticias.com.mx\/Portal\/wp-json\/wp\/v2\/types\/post"}],"author":[{"embeddable":true,"href":"https:\/\/rnoticias.com.mx\/Portal\/wp-json\/wp\/v2\/users\/2"}],"replies":[{"embeddable":true,"href":"https:\/\/rnoticias.com.mx\/Portal\/wp-json\/wp\/v2\/comments?post=231460"}],"version-history":[{"count":1,"href":"https:\/\/rnoticias.com.mx\/Portal\/wp-json\/wp\/v2\/posts\/231460\/revisions"}],"predecessor-version":[{"id":231462,"href":"https:\/\/rnoticias.com.mx\/Portal\/wp-json\/wp\/v2\/posts\/231460\/revisions\/231462"}],"wp:featuredmedia":[{"embeddable":true,"href":"https:\/\/rnoticias.com.mx\/Portal\/wp-json\/wp\/v2\/media\/231461"}],"wp:attachment":[{"href":"https:\/\/rnoticias.com.mx\/Portal\/wp-json\/wp\/v2\/media?parent=231460"}],"wp:term":[{"taxonomy":"category","embeddable":true,"href":"https:\/\/rnoticias.com.mx\/Portal\/wp-json\/wp\/v2\/categories?post=231460"},{"taxonomy":"post_tag","embeddable":true,"href":"https:\/\/rnoticias.com.mx\/Portal\/wp-json\/wp\/v2\/tags?post=231460"}],"curies":[{"name":"wp","href":"https:\/\/api.w.org\/{rel}","templated":true}]}}