{"id":231457,"date":"2025-10-06T19:36:06","date_gmt":"2025-10-07T02:36:06","guid":{"rendered":"https:\/\/rnoticias.com.mx\/Portal\/?p=231457"},"modified":"2025-10-06T19:36:06","modified_gmt":"2025-10-07T02:36:06","slug":"reconocen-esfuerzo-del-ine-para-garantizar-el-voto-en-la-eleccion-del-poder-judicial-misiones-de-observacion-internacional","status":"publish","type":"post","link":"https:\/\/rnoticias.com.mx\/Portal\/2025\/10\/06\/reconocen-esfuerzo-del-ine-para-garantizar-el-voto-en-la-eleccion-del-poder-judicial-misiones-de-observacion-internacional\/","title":{"rendered":"Reconocen esfuerzo del INE para garantizar el voto en la elecci\u00f3n del Poder Judicial: Misiones de observaci\u00f3n internacional"},"content":{"rendered":"<p><span data-olk-copy-source=\"MessageBody\">El Instituto Nacional Electoral (INE) organiz\u00f3 la Presentaci\u00f3n de Informes Finales de tres Misiones Internacionales que acompa\u00f1aron diferentes etapas del Proceso Electoral Extraordinario para la elecci\u00f3n de diversos cargos del Poder Judicial de la Federaci\u00f3n (PEEPJF) 2024-2025 y que se\u00f1alan el esfuerzo institucional para organizar estos comicios en poco tiempo, con todas las garant\u00edas y facilidades para que la ciudadan\u00eda pudiera ejercer su derecho al voto.<\/span><\/p>\n<p>&nbsp;<\/p>\n<p>La presentaci\u00f3n del informe de la Misi\u00f3n de Acompa\u00f1amiento de Personas Expertas Internacionales, estuvo a cargo del Director regional para Am\u00e9rica Latina y el Caribe de la Fundaci\u00f3n Internacional para los Sistemas Electorales (IFES), M\u00e1ximo Zald\u00edvar; la presentaci\u00f3n de la Misi\u00f3n del Instituto Internacional para la Democracia y la Asistencia Electoral (IDEA Internacional), la hizo la Ex Gerente de Proyecto en Uruguay y Consultora regional, Carolina Da Silva y, finalmente, el de la Misi\u00f3n de la Uni\u00f3n Interamericana de Organismos Electorales (UNIORE), estuvo a cargo del Presidente de la C\u00e1mara Nacional Electoral de Argentina, Daniel Bejas.<\/p>\n<p>&nbsp;<\/p>\n<p>La primera elecci\u00f3n del Poder Judicial gener\u00f3 mucho inter\u00e9s en la comunidad internacional porque si bien, diversos pa\u00edses del mundo tienen elecciones judiciales por diferentes v\u00edas, M\u00e9xico fue la primera naci\u00f3n que eligi\u00f3 personas juzgadoras en la totalidad de los cargos, explic\u00f3 la Coordinadora de Asuntos Internacionales del INE, Arlene Cabral Porchas.<\/p>\n<p>&nbsp;<\/p>\n<p>Ello, llev\u00f3 a la autoridad electoral nacional al reto de implementar un modelo electoral distinto al que se lleva a cabo en una elecci\u00f3n del Poder Legislativo o Ejecutivo. \u201cEs decir, tener las mismas bases, pero procesos que cambian, empezando porque las boletas no eran uninominales, sino que ten\u00edan una lista, un orden y una prelaci\u00f3n\u201d, mencion\u00f3.<\/p>\n<p><b><i>\u00a0<\/i><\/b><\/p>\n<p><b><i>INE respondi\u00f3 con innovaci\u00f3n<\/i><\/b><\/p>\n<p><b><i>\u00a0<\/i><\/b><\/p>\n<p>M\u00e1ximo Zald\u00edvar resalt\u00f3 la adecuaci\u00f3n \u201cefectiva y eficiente\u201d que realiz\u00f3 el INE para, en poco tiempo, hacer frente y cumplir con el mandato de celebrar las elecciones en la fecha convocada.<\/p>\n<p>&nbsp;<\/p>\n<p>\u201cEl INE no dud\u00f3, no lo pens\u00f3 dos veces en ser innovador y darle soluci\u00f3n a lo que ameritaba una atenci\u00f3n inmediata\u201d, dijo, al citar como ejemplo el dise\u00f1o del nuevo marco geogr\u00e1fico electoral en concordancia con los cargos a elegir, lo que dio paso a la creaci\u00f3n de 60 circuitos judiciales electorales; las listas finales de las tres mil 422 candidaturas; la integraci\u00f3n de las 84 mil casillas seccionales y el escrutinio y c\u00f3mputo desde los 300 distritos electorales.<\/p>\n<p>&nbsp;<\/p>\n<p>\u201cLa caracter\u00edstica de esta elecci\u00f3n en particular, fue que no hubo tiempo suficiente para analizar la selecci\u00f3n de candidaturas, para la determinaci\u00f3n y el establecimiento de una serie de normas que ten\u00edan que ir regulando sobre la marcha y que en definitiva terminaron dando esta facultad al INE\u201d, a\u00f1adi\u00f3 Daniel Bejas.<\/p>\n<p>&nbsp;<\/p>\n<p>Subray\u00f3 el esfuerzo del Instituto para que la ciudadan\u00eda pudiera conocer a las y los candidatos mediante el sistema \u201cCon\u00f3celes, Practica y Ubica\u201d, en donde se pod\u00eda informar respecto a su trayectoria, antecedentes o incluso, practicar el voto, adem\u00e1s de que la Jornada Electoral transcurri\u00f3 en paz con la apertura del 97 % de las casillas.<\/p>\n<p>&nbsp;<\/p>\n<p>\u201cIndudablemente quedan muchas cuestiones para analizar, pero podemos decir que el trabajo y la tarea tit\u00e1nica que llev\u00f3 a cabo el INE realmente logr\u00f3 atravesar un proceso que en apariencia iba a ofrecer, no digo severas, sino grandes problem\u00e1ticas\u201d, a\u00f1adi\u00f3 Bejas.<\/p>\n<p><b><i>\u00a0<\/i><\/b><\/p>\n<p><b><i>Prevenci\u00f3n de la desinformaci\u00f3n y paridad<\/i><\/b><\/p>\n<p><b><i>\u00a0<\/i><\/b><\/p>\n<p>Carolina Da Silva dijo que el informe de IDEA Internacional se centr\u00f3 espec\u00edficamente en temas como el voto informado y la igualdad de g\u00e9nero. El desaf\u00edo, agreg\u00f3, fue la prevenci\u00f3n de la desinformaci\u00f3n, ya que la campa\u00f1a de la elecci\u00f3n judicial se realiz\u00f3 en las redes sociales y la virtualidad, por lo que el INE puso a disposici\u00f3n de la poblaci\u00f3n distintas herramientas para que tuviera la posibilidad de informarse, como el sistema \u201cCon\u00f3celes\u201d y el programa \u201cCerteza\u201d con acciones de respuesta r\u00e1pida en la verificaci\u00f3n de informaci\u00f3n.<\/p>\n<p>&nbsp;<\/p>\n<p>Al referirse a la igualdad de g\u00e9nero, mencion\u00f3 los ajustes realizados por el INE para garantizar la paridad en las candidaturas, tanto en las listas de candidatas y candidatos como en la asignaci\u00f3n de los cargos y en aplicar el requisito constitucional conocido como \u201c8 de 8 contra la violencia\u201d. El Instituto, a\u00f1adi\u00f3, hace muchos esfuerzos en este sentido, \u201cpero la posibilidad de generar una pol\u00edtica nacional que convoque a otros organismos nos parece que es un camino a seguir\u201d, sugiri\u00f3.<\/p>\n<p>&nbsp;<\/p>\n<p><a name=\"x_x__Hlk210299894\"><\/a>El profesor-investigador del Instituto de Investigaciones Jur\u00eddicas de la Universidad Nacional Aut\u00f3noma de M\u00e9xico (IIJ-UNAM), Jaime C\u00e1rdenas coment\u00f3 los informes y junto con M\u00e1ximo Zald\u00edvar y Daniel Bejas se refirieron a los \u201cacordeones\u201d o gu\u00edas de votaci\u00f3n, un tema, que consideraron, cuando son de manera irregular, masiva o una incitaci\u00f3n al voto ya marcado debe ser regulado y evitarse, ya que afecta la equidad de la contienda y vulnera el ejercicio libre del voto.<\/p>\n","protected":false},"excerpt":{"rendered":"<p>El Instituto Nacional Electoral (INE) organiz\u00f3 la Presentaci\u00f3n de Informes Finales de tres Misiones Internacionales que acompa\u00f1aron diferentes etapas del Proceso Electoral Extraordinario para la elecci\u00f3n de diversos cargos del Poder Judicial de la Federaci\u00f3n (PEEPJF) 2024-2025 y que se\u00f1alan el esfuerzo institucional para organizar estos comicios en poco tiempo, con todas las garant\u00edas y [&hellip;]<\/p>\n","protected":false},"author":2,"featured_media":231458,"comment_status":"closed","ping_status":"closed","sticky":false,"template":"","format":"standard","meta":{"footnotes":""},"categories":[12870,12868],"tags":[12865,12879],"class_list":["post-231457","post","type-post","status-publish","format-standard","has-post-thumbnail","hentry","category-destacadas","category-politica","tag-destacadas","tag-politica"],"jetpack_featured_media_url":"https:\/\/rnoticias.com.mx\/Portal\/wp-content\/uploads\/2025\/10\/avila-620x410-1.jpeg","amp_enabled":true,"_links":{"self":[{"href":"https:\/\/rnoticias.com.mx\/Portal\/wp-json\/wp\/v2\/posts\/231457","targetHints":{"allow":["GET"]}}],"collection":[{"href":"https:\/\/rnoticias.com.mx\/Portal\/wp-json\/wp\/v2\/posts"}],"about":[{"href":"https:\/\/rnoticias.com.mx\/Portal\/wp-json\/wp\/v2\/types\/post"}],"author":[{"embeddable":true,"href":"https:\/\/rnoticias.com.mx\/Portal\/wp-json\/wp\/v2\/users\/2"}],"replies":[{"embeddable":true,"href":"https:\/\/rnoticias.com.mx\/Portal\/wp-json\/wp\/v2\/comments?post=231457"}],"version-history":[{"count":1,"href":"https:\/\/rnoticias.com.mx\/Portal\/wp-json\/wp\/v2\/posts\/231457\/revisions"}],"predecessor-version":[{"id":231459,"href":"https:\/\/rnoticias.com.mx\/Portal\/wp-json\/wp\/v2\/posts\/231457\/revisions\/231459"}],"wp:featuredmedia":[{"embeddable":true,"href":"https:\/\/rnoticias.com.mx\/Portal\/wp-json\/wp\/v2\/media\/231458"}],"wp:attachment":[{"href":"https:\/\/rnoticias.com.mx\/Portal\/wp-json\/wp\/v2\/media?parent=231457"}],"wp:term":[{"taxonomy":"category","embeddable":true,"href":"https:\/\/rnoticias.com.mx\/Portal\/wp-json\/wp\/v2\/categories?post=231457"},{"taxonomy":"post_tag","embeddable":true,"href":"https:\/\/rnoticias.com.mx\/Portal\/wp-json\/wp\/v2\/tags?post=231457"}],"curies":[{"name":"wp","href":"https:\/\/api.w.org\/{rel}","templated":true}]}}