{"id":231454,"date":"2025-10-06T19:35:07","date_gmt":"2025-10-07T02:35:07","guid":{"rendered":"https:\/\/rnoticias.com.mx\/Portal\/?p=231454"},"modified":"2025-10-06T19:35:07","modified_gmt":"2025-10-07T02:35:07","slug":"ine-determina-improcedentes-medidas-cautelares-contra-ocho-promocionales","status":"publish","type":"post","link":"https:\/\/rnoticias.com.mx\/Portal\/2025\/10\/06\/ine-determina-improcedentes-medidas-cautelares-contra-ocho-promocionales\/","title":{"rendered":"INE determina improcedentes medidas cautelares contra ocho promocionales"},"content":{"rendered":"<p><span data-olk-copy-source=\"MessageBody\">La Comisi\u00f3n de Quejas y Denuncias del Instituto Nacional Electoral (INE) resolvi\u00f3 una medida cautelar solicitada por el partido pol\u00edtico Movimiento Ciudadano y el Diputado Federal Juan Ignacio Zavala Guti\u00e9rrez, en contra del partido Morena, por presunto uso indebido de la pauta y promoci\u00f3n personalizada.<\/span><\/p>\n<p>&nbsp;<\/p>\n<p>Lo anterior, derivado de la difusi\u00f3n de cuatro spots en radio y cuatro en televisi\u00f3n, los cuales presuntamente actualizan un uso indebido de la pauta al utilizarse para difundir propaganda gubernamental relacionada con el primer informe de labores de la Presidenta de la Rep\u00fablica fuera del periodo legalmente permitido para ello, al incluir logros, programas y acciones de gobierno, encaminados a posicionar a la referida funcionaria p\u00fablica, lo que a su vez constituye promoci\u00f3n personalizada de la misma.<\/p>\n<p>&nbsp;<\/p>\n<p>El \u00f3rgano colegiado, por unanimidad de votos, determin\u00f3 improcedente la adopci\u00f3n de medidas cautelares para suspender la difusi\u00f3n de los materiales denunciados, ya que, bajo la apariencia del buen derecho, no se advierte una posible promoci\u00f3n personalizada ni presunto uso indebido de la pauta.<\/p>\n<p>&nbsp;<\/p>\n<p>Al respecto, debe se\u00f1alarse que no se trata de un promocional pautado por la Titular del Poder Ejecutivo Federal o por su administraci\u00f3n, sino que se trata de promocionales pautados por un partido pol\u00edtico en uso de su prerrogativa de acceso a la radio y televisi\u00f3n.<\/p>\n<p>&nbsp;<\/p>\n<p>Asimismo se advierte que, en ninguno de los promocionales denunciados, en su versi\u00f3n de radio o televisi\u00f3n, se incluye la referencia auditiva o visual -en el caso del spot de televisi\u00f3n al primer informe de labores de la Presidencia de la Rep\u00fablica, adem\u00e1s de que en diversos precedentes se ha considerado que la imagen positiva que la ciudadan\u00eda posea de las personas del servicio p\u00fablico de elecci\u00f3n popular, as\u00ed como de la actuaci\u00f3n de los gobiernos claramente identificados con una fuerza pol\u00edtica, es parte de un acervo susceptible de ser capitalizado por los partidos pol\u00edticos. Lo anterior, en tanto no se vulnere la imparcialidad en la actuaci\u00f3n de las personas servidoras p\u00fablicas y la equidad en una contienda\u00a0electoral.<\/p>\n<p>&nbsp;<\/p>\n<p>En este sentido, la Comisi\u00f3n se\u00f1al\u00f3 que no se encuentra en curso alg\u00fan proceso electoral federal o local, por el que exista la urgencia de adoptar una medida cautelar a fin de hacer cesar los efectos del contenido de los promocionales denunciados.<\/p>\n<p>&nbsp;<\/p>\n<p>Por lo tanto, se concluy\u00f3 que no existen elementos que sirvan de base para estimar que se est\u00e1 en presencia de promoci\u00f3n personalizada.<\/p>\n<p>&nbsp;<\/p>\n","protected":false},"excerpt":{"rendered":"<p>La Comisi\u00f3n de Quejas y Denuncias del Instituto Nacional Electoral (INE) resolvi\u00f3 una medida cautelar solicitada por el partido pol\u00edtico Movimiento Ciudadano y el Diputado Federal Juan Ignacio Zavala Guti\u00e9rrez, en contra del partido Morena, por presunto uso indebido de la pauta y promoci\u00f3n personalizada. &nbsp; Lo anterior, derivado de la difusi\u00f3n de cuatro spots [&hellip;]<\/p>\n","protected":false},"author":2,"featured_media":231455,"comment_status":"closed","ping_status":"closed","sticky":false,"template":"","format":"standard","meta":{"footnotes":""},"categories":[12870,12868],"tags":[12865,12879],"class_list":["post-231454","post","type-post","status-publish","format-standard","has-post-thumbnail","hentry","category-destacadas","category-politica","tag-destacadas","tag-politica"],"jetpack_featured_media_url":"https:\/\/rnoticias.com.mx\/Portal\/wp-content\/uploads\/2025\/10\/INE-2.jpg","amp_enabled":true,"_links":{"self":[{"href":"https:\/\/rnoticias.com.mx\/Portal\/wp-json\/wp\/v2\/posts\/231454","targetHints":{"allow":["GET"]}}],"collection":[{"href":"https:\/\/rnoticias.com.mx\/Portal\/wp-json\/wp\/v2\/posts"}],"about":[{"href":"https:\/\/rnoticias.com.mx\/Portal\/wp-json\/wp\/v2\/types\/post"}],"author":[{"embeddable":true,"href":"https:\/\/rnoticias.com.mx\/Portal\/wp-json\/wp\/v2\/users\/2"}],"replies":[{"embeddable":true,"href":"https:\/\/rnoticias.com.mx\/Portal\/wp-json\/wp\/v2\/comments?post=231454"}],"version-history":[{"count":1,"href":"https:\/\/rnoticias.com.mx\/Portal\/wp-json\/wp\/v2\/posts\/231454\/revisions"}],"predecessor-version":[{"id":231456,"href":"https:\/\/rnoticias.com.mx\/Portal\/wp-json\/wp\/v2\/posts\/231454\/revisions\/231456"}],"wp:featuredmedia":[{"embeddable":true,"href":"https:\/\/rnoticias.com.mx\/Portal\/wp-json\/wp\/v2\/media\/231455"}],"wp:attachment":[{"href":"https:\/\/rnoticias.com.mx\/Portal\/wp-json\/wp\/v2\/media?parent=231454"}],"wp:term":[{"taxonomy":"category","embeddable":true,"href":"https:\/\/rnoticias.com.mx\/Portal\/wp-json\/wp\/v2\/categories?post=231454"},{"taxonomy":"post_tag","embeddable":true,"href":"https:\/\/rnoticias.com.mx\/Portal\/wp-json\/wp\/v2\/tags?post=231454"}],"curies":[{"name":"wp","href":"https:\/\/api.w.org\/{rel}","templated":true}]}}