{"id":231432,"date":"2025-10-06T19:22:22","date_gmt":"2025-10-07T02:22:22","guid":{"rendered":"https:\/\/rnoticias.com.mx\/Portal\/?p=231432"},"modified":"2025-10-06T19:22:22","modified_gmt":"2025-10-07T02:22:22","slug":"encuentran-sin-vida-al-sacerdote-bertoldo-pantaleon-reportado-como-desaparecido-en-guerrero","status":"publish","type":"post","link":"https:\/\/rnoticias.com.mx\/Portal\/2025\/10\/06\/encuentran-sin-vida-al-sacerdote-bertoldo-pantaleon-reportado-como-desaparecido-en-guerrero\/","title":{"rendered":"Encuentran sin vida al sacerdote Bertoldo Pantale\u00f3n reportado como desaparecido en Guerrero"},"content":{"rendered":"<p>El sacerdote<strong>\u00a0Bertoldo Pantale\u00f3n Estrada<\/strong>\u00a0fue localizado sin vida en un paraje del municipio Eduardo Neri, Guerrero,<strong>\u00a0luego de que la di\u00f3cesis de Chilpancingo-Chilapa reportara su desaparici\u00f3n la ma\u00f1ana de este lunes.\u00a0<\/strong><\/p>\n<p>La fiscal\u00eda agreg\u00f3:\u00a0<strong>&#8216;Tras tener conocimiento de los hechos, agentes de la Polic\u00eda Investigadora Ministerial (PIM) y peritos de la Coordinaci\u00f3n de los Servicios Periciales acudieron al lugar para realizar el procesamiento del sitio, as\u00ed como el levantamiento y an\u00e1lisis de indicios, con el objetivo de recabar elementos que permitan\u00a0esclarecer lo ocurrido\u00a0e identificar a el o los probables responsables&#8217;.<\/strong><\/p>\n<p>El obispo de Chilpancingo-Chilapa, Jos\u00e9 de Jes\u00fas Gonz\u00e1lez Hern\u00e1ndez,\u00a0<strong>solicit\u00f3 a las autoridades civiles activar los protocolos de b\u00fasqueda para localizar al sacerdote de la parroquia de San Crist\u00f3bal, en la comunidad de Mezcala<\/strong>, y quien fue visto por \u00faltima vez en la comunidad de Azcala, perteneciente al municipio de Cocula.<\/p>\n<p><strong>A trav\u00e9s de un comunicado el Consejo de Pastoral confirm\u00f3 que se hab\u00eda encontrado el cuerpo del sacerdote\u00a0Bertoldo Pantale\u00f3n Estrada.<\/strong><\/p>\n<p>&nbsp;<\/p>\n<p>Fuente: El Universal<\/p>\n","protected":false},"excerpt":{"rendered":"<p>El sacerdote\u00a0Bertoldo Pantale\u00f3n Estrada\u00a0fue localizado sin vida en un paraje del municipio Eduardo Neri, Guerrero,\u00a0luego de que la di\u00f3cesis de Chilpancingo-Chilapa reportara su desaparici\u00f3n la ma\u00f1ana de este lunes.\u00a0 La fiscal\u00eda agreg\u00f3:\u00a0&#8216;Tras tener conocimiento de los hechos, agentes de la Polic\u00eda Investigadora Ministerial (PIM) y peritos de la Coordinaci\u00f3n de los Servicios Periciales acudieron al [&hellip;]<\/p>\n","protected":false},"author":2,"featured_media":231433,"comment_status":"closed","ping_status":"closed","sticky":false,"template":"","format":"standard","meta":{"footnotes":""},"categories":[12870,172],"tags":[12865,12874],"class_list":["post-231432","post","type-post","status-publish","format-standard","has-post-thumbnail","hentry","category-destacadas","category-nacional","tag-destacadas","tag-nacional"],"jetpack_featured_media_url":"https:\/\/rnoticias.com.mx\/Portal\/wp-content\/uploads\/2025\/10\/sacerdote_bertoldo_pantaleoxn_estrada.jpg_412186563.webp","amp_enabled":true,"_links":{"self":[{"href":"https:\/\/rnoticias.com.mx\/Portal\/wp-json\/wp\/v2\/posts\/231432","targetHints":{"allow":["GET"]}}],"collection":[{"href":"https:\/\/rnoticias.com.mx\/Portal\/wp-json\/wp\/v2\/posts"}],"about":[{"href":"https:\/\/rnoticias.com.mx\/Portal\/wp-json\/wp\/v2\/types\/post"}],"author":[{"embeddable":true,"href":"https:\/\/rnoticias.com.mx\/Portal\/wp-json\/wp\/v2\/users\/2"}],"replies":[{"embeddable":true,"href":"https:\/\/rnoticias.com.mx\/Portal\/wp-json\/wp\/v2\/comments?post=231432"}],"version-history":[{"count":1,"href":"https:\/\/rnoticias.com.mx\/Portal\/wp-json\/wp\/v2\/posts\/231432\/revisions"}],"predecessor-version":[{"id":231434,"href":"https:\/\/rnoticias.com.mx\/Portal\/wp-json\/wp\/v2\/posts\/231432\/revisions\/231434"}],"wp:featuredmedia":[{"embeddable":true,"href":"https:\/\/rnoticias.com.mx\/Portal\/wp-json\/wp\/v2\/media\/231433"}],"wp:attachment":[{"href":"https:\/\/rnoticias.com.mx\/Portal\/wp-json\/wp\/v2\/media?parent=231432"}],"wp:term":[{"taxonomy":"category","embeddable":true,"href":"https:\/\/rnoticias.com.mx\/Portal\/wp-json\/wp\/v2\/categories?post=231432"},{"taxonomy":"post_tag","embeddable":true,"href":"https:\/\/rnoticias.com.mx\/Portal\/wp-json\/wp\/v2\/tags?post=231432"}],"curies":[{"name":"wp","href":"https:\/\/api.w.org\/{rel}","templated":true}]}}