{"id":231426,"date":"2025-10-06T19:17:06","date_gmt":"2025-10-07T02:17:06","guid":{"rendered":"https:\/\/rnoticias.com.mx\/Portal\/?p=231426"},"modified":"2025-10-06T19:17:06","modified_gmt":"2025-10-07T02:17:06","slug":"invitan-al-xx-congreso-mundial-y-xxv-nacional-de-mediacion","status":"publish","type":"post","link":"https:\/\/rnoticias.com.mx\/Portal\/2025\/10\/06\/invitan-al-xx-congreso-mundial-y-xxv-nacional-de-mediacion\/","title":{"rendered":"Invitan al XX Congreso Mundial y XXV Nacional de Mediaci\u00f3n"},"content":{"rendered":"<p>La Universidad de Sonora ser\u00e1 sede del XX Congreso Mundial y XXV Nacional de Mediaci\u00f3n, bajo el lema Una v\u00eda hacia la cultura de la paz y la concordia, que se llevar\u00e1 a cabo del 27 al 31 de octubre en el teatro Emiliana de Zubeld\u00eda.<\/p>\n<p>Este importante encuentro reunir\u00e1 a especialistas de distintos pa\u00edses comprometidos con fortalecer la justicia restaurativa para transformar los conflictos en oportunidades de di\u00e1logo.<\/p>\n<p>Este a\u00f1o, el evento organizado por el Instituto de Mediaci\u00f3n de M\u00e9xico, la Unison, la Uni\u00f3n de Usuarios y el Ayuntamiento de Hermosillo, ofrecer\u00e1 conferencias, talleres, di\u00e1logos, foros, ponencias, proyectos y presentaciones de libros.<\/p>\n<p>Con el prop\u00f3sito de dar a conocer los detalles del evento, este d\u00eda se realiz\u00f3 una conferencia de prensa en la sala de juntas del Colegio Universitario de la alma mater sonorense, en la que particip\u00f3 Enrique Bolado Mart\u00ednez, secretario General Acad\u00e9mico de esta instituci\u00f3n, quien subray\u00f3 la relevancia de este congreso que, desde hace m\u00e1s de tres d\u00e9cadas, ha consolidado la pr\u00e1ctica de la mediaci\u00f3n como un pilar fundamental para la cultura de la paz.<\/p>\n<p>Record\u00f3 que la Universidad de Sonora ha tenido un papel clave en el impulso de este campo: en 1993 incorpor\u00f3 la asignatura de Mediaci\u00f3n Familiar en la especialidad de Psicolog\u00eda de la Familia; en 1999 inaugur\u00f3 la Unidad de Mediaci\u00f3n Familiar y Comunitaria, un servicio gratuito para la sociedad; y desde el a\u00f1o 2000 ha mantenido una estrecha colaboraci\u00f3n con el Instituto de Mediaci\u00f3n de M\u00e9xico, promoviendo la participaci\u00f3n de la comunidad acad\u00e9mica y estudiantil.<\/p>\n<p>Por su parte, Jorge Pesqueira Leal, presidente del Instituto de Mediaci\u00f3n de M\u00e9xico, ofreci\u00f3 una amplia reflexi\u00f3n sobre el papel hist\u00f3rico y social de la mediaci\u00f3n. Destac\u00f3 que estos congresos son fundamentales porque permiten reconocer que los conflictos surgen en todos los espacios \u2014la familia, la escuela, el trabajo, los barrios e incluso a nivel internacional\u2014, y que el desaf\u00edo consiste en resolverlos mediante el di\u00e1logo y la escucha activa.<\/p>\n<p>Se\u00f1al\u00f3 que, a pesar de los avances cient\u00edficos y tecnol\u00f3gicos, la humanidad sigue mostrando serias dificultades de convivencia.<\/p>\n<p>Pesqueira Leal record\u00f3 que la Universidad de Sonora y el Instituto de Mediaci\u00f3n de M\u00e9xico establecieron una alianza pionera a finales del siglo pasado, misma que deriv\u00f3 en la organizaci\u00f3n del Primer Congreso Nacional de Mediaci\u00f3n en 2001 y del Primer Congreso Mundial en 2005.<\/p>\n<p>\u201cEstos esfuerzos dieron frutos concretos: en 2005 se reform\u00f3 el art\u00edculo 18 de la Constituci\u00f3n y, en 2008, el art\u00edculo 17, incorporando el reconocimiento de los mecanismos alternativos de soluci\u00f3n de conflictos\u201d, explic\u00f3.<\/p>\n<p>El acad\u00e9mico enfatiz\u00f3 que dichos congresos han tenido efectos tangibles en la construcci\u00f3n de una cultura de la mediaci\u00f3n en todo el pa\u00eds, donde ya se practica en tribunales, fiscal\u00edas e instituciones. Sin embargo, advirti\u00f3 que a\u00fan persiste una cultura del poder y la violencia que debe ser transformada.<\/p>\n<p>\u201cA principios de los a\u00f1os noventa, la gente no sab\u00eda qu\u00e9 era la mediaci\u00f3n. Hoy es una pr\u00e1ctica com\u00fan, pero falta que se interiorice como una forma de vida\u201d, afirm\u00f3.<\/p>\n<p>Agreg\u00f3 que el objetivo central del XX Congreso Mundial y XXV Nacional es reunir a expertos de distintos pa\u00edses no solo para impartir conferencias, sino para dialogar, reflexionar y definir el rumbo a seguir. Subray\u00f3 que la prioridad actual es la mediaci\u00f3n social, entendida como la capacidad de formar personas en cada comunidad que sepan pacificar, aquietar los sentimientos y fomentar la convivencia.<\/p>\n<p>En su intervenci\u00f3n, Eduardo Acu\u00f1a Padilla, secretario del Ayuntamiento de Hermosillo, destac\u00f3 que el gobierno municipal se suma con entusiasmo al Congreso de Mediaci\u00f3n, reconociendo el valor de estos esfuerzos ciudadanos y acad\u00e9micos.<\/p>\n<p>\u201cEl di\u00e1logo es la clave para una convivencia arm\u00f3nica; la mediaci\u00f3n es el puente que permite transformar las diferencias en acuerdos\u201d, puntualiz\u00f3.<\/p>\n<p>Finalmente, Ignacio Peinado Luna, director de la Uni\u00f3n de Usuarios de Hermosillo, resalt\u00f3 la importancia de la mediaci\u00f3n como herramienta esencial para alcanzar la paz social.<\/p>\n<p>El programa y m\u00e1s informaci\u00f3n del XX Congreso Mundial y XXV Nacional de Mediaci\u00f3n se puede consultar aqu\u00ed: https:\/\/congresodemediacion.com\/<\/p>\n","protected":false},"excerpt":{"rendered":"<p>La Universidad de Sonora ser\u00e1 sede del XX Congreso Mundial y XXV Nacional de Mediaci\u00f3n, bajo el lema Una v\u00eda hacia la cultura de la paz y la concordia, que se llevar\u00e1 a cabo del 27 al 31 de octubre en el teatro Emiliana de Zubeld\u00eda. Este importante encuentro reunir\u00e1 a especialistas de distintos pa\u00edses [&hellip;]<\/p>\n","protected":false},"author":2,"featured_media":231427,"comment_status":"closed","ping_status":"closed","sticky":false,"template":"","format":"standard","meta":{"footnotes":""},"categories":[12870,178],"tags":[12865,12869],"class_list":["post-231426","post","type-post","status-publish","format-standard","has-post-thumbnail","hentry","category-destacadas","category-local","tag-destacadas","tag-local"],"jetpack_featured_media_url":"https:\/\/rnoticias.com.mx\/Portal\/wp-content\/uploads\/2025\/10\/RP-Congresos-Nacional-y-Mundial-de-Mediacion-1.jpg","amp_enabled":true,"_links":{"self":[{"href":"https:\/\/rnoticias.com.mx\/Portal\/wp-json\/wp\/v2\/posts\/231426","targetHints":{"allow":["GET"]}}],"collection":[{"href":"https:\/\/rnoticias.com.mx\/Portal\/wp-json\/wp\/v2\/posts"}],"about":[{"href":"https:\/\/rnoticias.com.mx\/Portal\/wp-json\/wp\/v2\/types\/post"}],"author":[{"embeddable":true,"href":"https:\/\/rnoticias.com.mx\/Portal\/wp-json\/wp\/v2\/users\/2"}],"replies":[{"embeddable":true,"href":"https:\/\/rnoticias.com.mx\/Portal\/wp-json\/wp\/v2\/comments?post=231426"}],"version-history":[{"count":1,"href":"https:\/\/rnoticias.com.mx\/Portal\/wp-json\/wp\/v2\/posts\/231426\/revisions"}],"predecessor-version":[{"id":231428,"href":"https:\/\/rnoticias.com.mx\/Portal\/wp-json\/wp\/v2\/posts\/231426\/revisions\/231428"}],"wp:featuredmedia":[{"embeddable":true,"href":"https:\/\/rnoticias.com.mx\/Portal\/wp-json\/wp\/v2\/media\/231427"}],"wp:attachment":[{"href":"https:\/\/rnoticias.com.mx\/Portal\/wp-json\/wp\/v2\/media?parent=231426"}],"wp:term":[{"taxonomy":"category","embeddable":true,"href":"https:\/\/rnoticias.com.mx\/Portal\/wp-json\/wp\/v2\/categories?post=231426"},{"taxonomy":"post_tag","embeddable":true,"href":"https:\/\/rnoticias.com.mx\/Portal\/wp-json\/wp\/v2\/tags?post=231426"}],"curies":[{"name":"wp","href":"https:\/\/api.w.org\/{rel}","templated":true}]}}