{"id":231420,"date":"2025-10-06T19:09:26","date_gmt":"2025-10-07T02:09:26","guid":{"rendered":"https:\/\/rnoticias.com.mx\/Portal\/?p=231420"},"modified":"2025-10-06T19:09:26","modified_gmt":"2025-10-07T02:09:26","slug":"pide-uuh-ampliar-subsidio-electrico-anual","status":"publish","type":"post","link":"https:\/\/rnoticias.com.mx\/Portal\/2025\/10\/06\/pide-uuh-ampliar-subsidio-electrico-anual\/","title":{"rendered":"Pide UUH ampliar subsidio el\u00e9ctrico anual"},"content":{"rendered":"<p>Hermosillo, Sonora. La Uni\u00f3n de Usuarios propondr\u00e1 extender el subsidio de energ\u00eda el\u00e9ctrica m\u00e1s all\u00e1 de octubre, buscando que se prolongue hasta noviembre o diciembre, debido a que las altas temperaturas contin\u00faan registr\u00e1ndose en los \u00faltimos meses del a\u00f1o.<\/p>\n<p>&nbsp;<\/p>\n<p>Ignacio Peinado Luna, dirigente del organismo, explic\u00f3 que el objetivo es ampliar el periodo de apoyo tarifario y revisar las condiciones actuales, para que las familias tengan un mayor margen en su consumo sin afectar su econom\u00eda.<\/p>\n<p>&nbsp;<\/p>\n<p>\u201cQueremos gestionar una ampliaci\u00f3n y tambi\u00e9n revisar el esquema actual para que sea m\u00e1s justo con los usuarios\u201d, dijo.<\/p>\n<p>&nbsp;<\/p>\n<p>Actualmente, el beneficio de la tarifa 1F abarca del 1 de abril al 31 de octubre.<\/p>\n<p>&nbsp;<\/p>\n<p>Desde el 2024, se aplic\u00f3 una modificaci\u00f3n al rango de consumo, elevando el costo del excedente en invierno a 3.82 pesos por kilowatt hora, mientras que en verano el precio disminuye un peso por unidad.<\/p>\n<p>&nbsp;<\/p>\n","protected":false},"excerpt":{"rendered":"<p>Hermosillo, Sonora. La Uni\u00f3n de Usuarios propondr\u00e1 extender el subsidio de energ\u00eda el\u00e9ctrica m\u00e1s all\u00e1 de octubre, buscando que se prolongue hasta noviembre o diciembre, debido a que las altas temperaturas contin\u00faan registr\u00e1ndose en los \u00faltimos meses del a\u00f1o. &nbsp; Ignacio Peinado Luna, dirigente del organismo, explic\u00f3 que el objetivo es ampliar el periodo de [&hellip;]<\/p>\n","protected":false},"author":2,"featured_media":231421,"comment_status":"closed","ping_status":"closed","sticky":false,"template":"","format":"standard","meta":{"footnotes":""},"categories":[12870,178],"tags":[12865,12869],"class_list":["post-231420","post","type-post","status-publish","format-standard","has-post-thumbnail","hentry","category-destacadas","category-local","tag-destacadas","tag-local"],"jetpack_featured_media_url":"https:\/\/rnoticias.com.mx\/Portal\/wp-content\/uploads\/2025\/10\/solicitara-union-de-usuarios-ampliar-subsidio-a-la-luz-339886.jpg","amp_enabled":true,"_links":{"self":[{"href":"https:\/\/rnoticias.com.mx\/Portal\/wp-json\/wp\/v2\/posts\/231420","targetHints":{"allow":["GET"]}}],"collection":[{"href":"https:\/\/rnoticias.com.mx\/Portal\/wp-json\/wp\/v2\/posts"}],"about":[{"href":"https:\/\/rnoticias.com.mx\/Portal\/wp-json\/wp\/v2\/types\/post"}],"author":[{"embeddable":true,"href":"https:\/\/rnoticias.com.mx\/Portal\/wp-json\/wp\/v2\/users\/2"}],"replies":[{"embeddable":true,"href":"https:\/\/rnoticias.com.mx\/Portal\/wp-json\/wp\/v2\/comments?post=231420"}],"version-history":[{"count":1,"href":"https:\/\/rnoticias.com.mx\/Portal\/wp-json\/wp\/v2\/posts\/231420\/revisions"}],"predecessor-version":[{"id":231422,"href":"https:\/\/rnoticias.com.mx\/Portal\/wp-json\/wp\/v2\/posts\/231420\/revisions\/231422"}],"wp:featuredmedia":[{"embeddable":true,"href":"https:\/\/rnoticias.com.mx\/Portal\/wp-json\/wp\/v2\/media\/231421"}],"wp:attachment":[{"href":"https:\/\/rnoticias.com.mx\/Portal\/wp-json\/wp\/v2\/media?parent=231420"}],"wp:term":[{"taxonomy":"category","embeddable":true,"href":"https:\/\/rnoticias.com.mx\/Portal\/wp-json\/wp\/v2\/categories?post=231420"},{"taxonomy":"post_tag","embeddable":true,"href":"https:\/\/rnoticias.com.mx\/Portal\/wp-json\/wp\/v2\/tags?post=231420"}],"curies":[{"name":"wp","href":"https:\/\/api.w.org\/{rel}","templated":true}]}}