{"id":231414,"date":"2025-10-06T19:05:12","date_gmt":"2025-10-07T02:05:12","guid":{"rendered":"https:\/\/rnoticias.com.mx\/Portal\/?p=231414"},"modified":"2025-10-06T19:05:12","modified_gmt":"2025-10-07T02:05:12","slug":"diablos-rojos-del-mexico-anuncia-cambio-en-su-direccion-general","status":"publish","type":"post","link":"https:\/\/rnoticias.com.mx\/Portal\/2025\/10\/06\/diablos-rojos-del-mexico-anuncia-cambio-en-su-direccion-general\/","title":{"rendered":"Diablos Rojos del M\u00e9xico anuncia cambio en su direcci\u00f3n general"},"content":{"rendered":"<p>El equipo de b\u00e9isbol\u00a0<a title=\"Diablos Rojos forjan estructura para una dinast\u00eda\" href=\"https:\/\/www.eleconomista.com.mx\/deportes\/diablos-rojos-forjan-estructura-dinastia-20250924-778627.html\" target=\"_blank\" rel=\"noopener\">Diablos Rojos del M\u00e9xico<\/a>\u00a0inform\u00f3 el lunes que\u00a0<a title=\"Diablos Rojos y Toros, l\u00edderes forjados con gesti\u00f3n deportiva\" href=\"https:\/\/www.eleconomista.com.mx\/deportes\/Diablos-Rojos-y-Toros-lideres-forjados-con-gestion-deportiva-20220817-0024.html\" target=\"_blank\" rel=\"noopener\">Oth\u00f3n D\u00edaz\u00a0<\/a>dej\u00f3 el cargo de director general de la compa\u00f1\u00eda, una decisi\u00f3n que, se\u00f1al\u00f3, obedece a un cambio de pa\u00eds de residencia.<\/p>\n<p>La empresa, que agradeci\u00f3 al ejecutivo por su liderazgo y contribuciones durante su gesti\u00f3n, anunci\u00f3 que el\u00a0<b>Consejo de Administraci\u00f3n<\/b>\u00a0design\u00f3 a<b>\u00a0Jorge del Valle\u00a0<\/b>como nuevo director general, con efecto inmediato.<\/p>\n<p><b><a title=\"Diablos Rojos sube 133.5 mdp su capital social\" href=\"https:\/\/www.eleconomista.com.mx\/mercados\/diablos-rojos-sube-133-5-mdp-capital-social-20250318-751040.html\" target=\"_blank\" rel=\"noopener\">Diablos Rojos del M\u00e9xico<\/a><\/b>, el \u00fanico equipo de b\u00e9isbol de M\u00e9xico que cotiza en el mercado accionario local, se\u00f1al\u00f3 que mantiene su compromiso con la transparencia, la continuidad operativa y la creaci\u00f3n de valor para sus accionistas.<\/p>\n<p>&nbsp;<\/p>\n<p>Fuente: Reuters<\/p>\n","protected":false},"excerpt":{"rendered":"<p>El equipo de b\u00e9isbol\u00a0Diablos Rojos del M\u00e9xico\u00a0inform\u00f3 el lunes que\u00a0Oth\u00f3n D\u00edaz\u00a0dej\u00f3 el cargo de director general de la compa\u00f1\u00eda, una decisi\u00f3n que, se\u00f1al\u00f3, obedece a un cambio de pa\u00eds de residencia. La empresa, que agradeci\u00f3 al ejecutivo por su liderazgo y contribuciones durante su gesti\u00f3n, anunci\u00f3 que el\u00a0Consejo de Administraci\u00f3n\u00a0design\u00f3 a\u00a0Jorge del Valle\u00a0como nuevo director [&hellip;]<\/p>\n","protected":false},"author":2,"featured_media":231415,"comment_status":"closed","ping_status":"closed","sticky":false,"template":"","format":"standard","meta":{"footnotes":""},"categories":[188,12870],"tags":[5231,12865],"class_list":["post-231414","post","type-post","status-publish","format-standard","has-post-thumbnail","hentry","category-deportes","category-destacadas","tag-deportes","tag-destacadas"],"jetpack_featured_media_url":"https:\/\/rnoticias.com.mx\/Portal\/wp-content\/uploads\/2025\/10\/xwd01fddyndi4glfgetf.jpeg","amp_enabled":true,"_links":{"self":[{"href":"https:\/\/rnoticias.com.mx\/Portal\/wp-json\/wp\/v2\/posts\/231414","targetHints":{"allow":["GET"]}}],"collection":[{"href":"https:\/\/rnoticias.com.mx\/Portal\/wp-json\/wp\/v2\/posts"}],"about":[{"href":"https:\/\/rnoticias.com.mx\/Portal\/wp-json\/wp\/v2\/types\/post"}],"author":[{"embeddable":true,"href":"https:\/\/rnoticias.com.mx\/Portal\/wp-json\/wp\/v2\/users\/2"}],"replies":[{"embeddable":true,"href":"https:\/\/rnoticias.com.mx\/Portal\/wp-json\/wp\/v2\/comments?post=231414"}],"version-history":[{"count":1,"href":"https:\/\/rnoticias.com.mx\/Portal\/wp-json\/wp\/v2\/posts\/231414\/revisions"}],"predecessor-version":[{"id":231416,"href":"https:\/\/rnoticias.com.mx\/Portal\/wp-json\/wp\/v2\/posts\/231414\/revisions\/231416"}],"wp:featuredmedia":[{"embeddable":true,"href":"https:\/\/rnoticias.com.mx\/Portal\/wp-json\/wp\/v2\/media\/231415"}],"wp:attachment":[{"href":"https:\/\/rnoticias.com.mx\/Portal\/wp-json\/wp\/v2\/media?parent=231414"}],"wp:term":[{"taxonomy":"category","embeddable":true,"href":"https:\/\/rnoticias.com.mx\/Portal\/wp-json\/wp\/v2\/categories?post=231414"},{"taxonomy":"post_tag","embeddable":true,"href":"https:\/\/rnoticias.com.mx\/Portal\/wp-json\/wp\/v2\/tags?post=231414"}],"curies":[{"name":"wp","href":"https:\/\/api.w.org\/{rel}","templated":true}]}}