{"id":231402,"date":"2025-10-06T18:49:17","date_gmt":"2025-10-07T01:49:17","guid":{"rendered":"https:\/\/rnoticias.com.mx\/Portal\/?p=231402"},"modified":"2025-10-06T18:49:17","modified_gmt":"2025-10-07T01:49:17","slug":"gobierno-de-sonora-celebra-el-tercer-aniversario-del-centro-de-conciliacion-laboral-del-estado","status":"publish","type":"post","link":"https:\/\/rnoticias.com.mx\/Portal\/2025\/10\/06\/gobierno-de-sonora-celebra-el-tercer-aniversario-del-centro-de-conciliacion-laboral-del-estado\/","title":{"rendered":"Gobierno de Sonora celebra el tercer aniversario del Centro de Conciliaci\u00f3n Laboral del Estado"},"content":{"rendered":"<p>Hermosillo, Sonora; 6 de octubre de 2025.- Como parte del compromiso del Gobierno de Sonora, encabezado por el gobernador Alfonso Durazo Monta\u00f1o, con una justicia laboral moderna y eficiente, el Centro de Conciliaci\u00f3n Laboral del Estado de Sonora (CCL Sonora) celebr\u00f3 su tercer aniversario, reafirmando su misi\u00f3n de ofrecer soluciones r\u00e1pidas y con enfoque humano a las y los trabajadores sonorenses.<\/p>\n<p>Desde su creaci\u00f3n, el CCL Sonora se ha consolidado como un pilar en la transformaci\u00f3n del sistema de justicia laboral, al brindar un servicio gratuito, imparcial y accesible que permite resolver conflictos entre trabajadores y empleadores sin necesidad de acudir a juicio, promoviendo la paz laboral y fortaleciendo la confianza en las instituciones.<\/p>\n<p>El pasado 23 de septiembre tomaron protesta las y los integrantes de la segunda generaci\u00f3n de conciliadores laborales, quienes se suman al compromiso de brindar un servicio p\u00fablico profesional y con sentido humano. De acuerdo con la nueva reforma laboral, las y los conciliadores son designados cada tres a\u00f1os mediante un proceso de selecci\u00f3n basado en sus conocimientos y habilidades.<\/p>\n<p>El director general del CCL Sonora, Omar Arturo Murrieta Gin\u00e9s, destac\u00f3 que estos logros reflejan el compromiso del equipo t\u00e9cnico y el respaldo del Gobierno del Estado. \u201cCada acuerdo logrado representa una historia de entendimiento. En tres a\u00f1os hemos demostrado que, cuando se trabaja con empat\u00eda y profesionalismo, la justicia laboral puede verdaderamente responder a las necesidades de las personas\u201d, afirm\u00f3 Murrieta Gin\u00e9s.<\/p>\n<p>A tres a\u00f1os de su implementaci\u00f3n, el CCL Sonora mantiene una tasa de conciliaci\u00f3n del 91.9\u00a0porciento, con un tiempo promedio de resoluci\u00f3n de 20 d\u00edas naturales y ratificaciones que se concretan en un solo d\u00eda, consolid\u00e1ndose como un referente en la resoluci\u00f3n efectiva de los conflictos laborales en el estado.<\/p>\n","protected":false},"excerpt":{"rendered":"<p>Hermosillo, Sonora; 6 de octubre de 2025.- Como parte del compromiso del Gobierno de Sonora, encabezado por el gobernador Alfonso Durazo Monta\u00f1o, con una justicia laboral moderna y eficiente, el Centro de Conciliaci\u00f3n Laboral del Estado de Sonora (CCL Sonora) celebr\u00f3 su tercer aniversario, reafirmando su misi\u00f3n de ofrecer soluciones r\u00e1pidas y con enfoque humano [&hellip;]<\/p>\n","protected":false},"author":2,"featured_media":231403,"comment_status":"closed","ping_status":"closed","sticky":false,"template":"","format":"standard","meta":{"footnotes":""},"categories":[178],"tags":[12869],"class_list":["post-231402","post","type-post","status-publish","format-standard","has-post-thumbnail","hentry","category-local","tag-local"],"jetpack_featured_media_url":"https:\/\/rnoticias.com.mx\/Portal\/wp-content\/uploads\/2025\/10\/unnamed-1-4.jpg","amp_enabled":true,"_links":{"self":[{"href":"https:\/\/rnoticias.com.mx\/Portal\/wp-json\/wp\/v2\/posts\/231402","targetHints":{"allow":["GET"]}}],"collection":[{"href":"https:\/\/rnoticias.com.mx\/Portal\/wp-json\/wp\/v2\/posts"}],"about":[{"href":"https:\/\/rnoticias.com.mx\/Portal\/wp-json\/wp\/v2\/types\/post"}],"author":[{"embeddable":true,"href":"https:\/\/rnoticias.com.mx\/Portal\/wp-json\/wp\/v2\/users\/2"}],"replies":[{"embeddable":true,"href":"https:\/\/rnoticias.com.mx\/Portal\/wp-json\/wp\/v2\/comments?post=231402"}],"version-history":[{"count":1,"href":"https:\/\/rnoticias.com.mx\/Portal\/wp-json\/wp\/v2\/posts\/231402\/revisions"}],"predecessor-version":[{"id":231404,"href":"https:\/\/rnoticias.com.mx\/Portal\/wp-json\/wp\/v2\/posts\/231402\/revisions\/231404"}],"wp:featuredmedia":[{"embeddable":true,"href":"https:\/\/rnoticias.com.mx\/Portal\/wp-json\/wp\/v2\/media\/231403"}],"wp:attachment":[{"href":"https:\/\/rnoticias.com.mx\/Portal\/wp-json\/wp\/v2\/media?parent=231402"}],"wp:term":[{"taxonomy":"category","embeddable":true,"href":"https:\/\/rnoticias.com.mx\/Portal\/wp-json\/wp\/v2\/categories?post=231402"},{"taxonomy":"post_tag","embeddable":true,"href":"https:\/\/rnoticias.com.mx\/Portal\/wp-json\/wp\/v2\/tags?post=231402"}],"curies":[{"name":"wp","href":"https:\/\/api.w.org\/{rel}","templated":true}]}}