{"id":231399,"date":"2025-10-06T18:48:34","date_gmt":"2025-10-07T01:48:34","guid":{"rendered":"https:\/\/rnoticias.com.mx\/Portal\/?p=231399"},"modified":"2025-10-06T18:48:34","modified_gmt":"2025-10-07T01:48:34","slug":"gobierno-de-sonora-promueve-distintivo-hecho-en-sonora-en-empresa-local-de-impacto-internacional","status":"publish","type":"post","link":"https:\/\/rnoticias.com.mx\/Portal\/2025\/10\/06\/gobierno-de-sonora-promueve-distintivo-hecho-en-sonora-en-empresa-local-de-impacto-internacional\/","title":{"rendered":"Gobierno de Sonora promueve distintivo \u201cHecho en Sonora\u201d en empresa local de impacto internacional"},"content":{"rendered":"<p>Hermosillo, Sonora; 6 de octubre de 2025.- Con el objetivo de impulsar el desarrollo comercial de los productos y servicios sonorenses a trav\u00e9s del distintivo \u201cHecho en Sonora\u201d, el Gobierno del Sonora, mediante la Secretar\u00eda de Econom\u00eda y Turismo (SETUR), firm\u00f3 un convenio para el uso del distintivo con RCR Refrigeraciones, empresa sonorense con impacto nacional e internacional.<\/p>\n<p>Gracias a esta firma y al impulso del gobernador Alfonso Durazo, el distintivo \u201cHecho en Sonora\u201d contin\u00faa consolid\u00e1ndose como una plataforma que fortalece la identidad y competitividad de las marcas locales. A la fecha, m\u00e1s de 90 empresas han obtenido este reconocimiento y m\u00e1s de 330 emprendedores sonorenses han mostrado inter\u00e9s en sumarse, promoviendo as\u00ed la profesionalizaci\u00f3n y el crecimiento de las MiPymes en sectores como el industrial, comercial, de servicios, primario y terciario.<\/p>\n<p>El secretario de Econom\u00eda y Turismo del Estado, Roberto Gradillas Pineda, destac\u00f3 que, gracias a esta firma, se promover\u00e1 la marca sonorense en pa\u00edses como Costa Rica y Guatemala, as\u00ed como en varios estados del pa\u00eds, entre ellos Sinaloa, Nuevo Le\u00f3n, Baja California, Yucat\u00e1n, Quintana Roo, Guanajuato, Jalisco y Baja California Sur.<\/p>\n<p>\u201cEl compromiso de nuestro gobernador Alfonso Durazo ha logrado convertir el distintivo \u2018Hecho en Sonora\u2019 no solo en una marca, sino en identidad, cultura, historia y tradici\u00f3n, que permite a nuestro estado viajar a trav\u00e9s del mundo y transmitir el compromiso que tiene con el desarrollo de sus familias\u201d, detall\u00f3 Gradillas Pineda.<\/p>\n<p>El Gobierno de Sonora impulsa el crecimiento y desarrollo comercial de las marcas sonorenses mediante la promoci\u00f3n y difusi\u00f3n de sus productos a nivel local, nacional e internacional, generando un impacto directo en la econom\u00eda de las familias sonorenses.<\/p>\n","protected":false},"excerpt":{"rendered":"<p>Hermosillo, Sonora; 6 de octubre de 2025.- Con el objetivo de impulsar el desarrollo comercial de los productos y servicios sonorenses a trav\u00e9s del distintivo \u201cHecho en Sonora\u201d, el Gobierno del Sonora, mediante la Secretar\u00eda de Econom\u00eda y Turismo (SETUR), firm\u00f3 un convenio para el uso del distintivo con RCR Refrigeraciones, empresa sonorense con impacto [&hellip;]<\/p>\n","protected":false},"author":2,"featured_media":231400,"comment_status":"closed","ping_status":"closed","sticky":false,"template":"","format":"standard","meta":{"footnotes":""},"categories":[178],"tags":[12869],"class_list":["post-231399","post","type-post","status-publish","format-standard","has-post-thumbnail","hentry","category-local","tag-local"],"jetpack_featured_media_url":"https:\/\/rnoticias.com.mx\/Portal\/wp-content\/uploads\/2025\/10\/unnamed-11.jpg","amp_enabled":true,"_links":{"self":[{"href":"https:\/\/rnoticias.com.mx\/Portal\/wp-json\/wp\/v2\/posts\/231399","targetHints":{"allow":["GET"]}}],"collection":[{"href":"https:\/\/rnoticias.com.mx\/Portal\/wp-json\/wp\/v2\/posts"}],"about":[{"href":"https:\/\/rnoticias.com.mx\/Portal\/wp-json\/wp\/v2\/types\/post"}],"author":[{"embeddable":true,"href":"https:\/\/rnoticias.com.mx\/Portal\/wp-json\/wp\/v2\/users\/2"}],"replies":[{"embeddable":true,"href":"https:\/\/rnoticias.com.mx\/Portal\/wp-json\/wp\/v2\/comments?post=231399"}],"version-history":[{"count":1,"href":"https:\/\/rnoticias.com.mx\/Portal\/wp-json\/wp\/v2\/posts\/231399\/revisions"}],"predecessor-version":[{"id":231401,"href":"https:\/\/rnoticias.com.mx\/Portal\/wp-json\/wp\/v2\/posts\/231399\/revisions\/231401"}],"wp:featuredmedia":[{"embeddable":true,"href":"https:\/\/rnoticias.com.mx\/Portal\/wp-json\/wp\/v2\/media\/231400"}],"wp:attachment":[{"href":"https:\/\/rnoticias.com.mx\/Portal\/wp-json\/wp\/v2\/media?parent=231399"}],"wp:term":[{"taxonomy":"category","embeddable":true,"href":"https:\/\/rnoticias.com.mx\/Portal\/wp-json\/wp\/v2\/categories?post=231399"},{"taxonomy":"post_tag","embeddable":true,"href":"https:\/\/rnoticias.com.mx\/Portal\/wp-json\/wp\/v2\/tags?post=231399"}],"curies":[{"name":"wp","href":"https:\/\/api.w.org\/{rel}","templated":true}]}}