{"id":231381,"date":"2025-10-06T15:53:14","date_gmt":"2025-10-06T22:53:14","guid":{"rendered":"https:\/\/rnoticias.com.mx\/Portal\/?p=231381"},"modified":"2025-10-06T15:53:14","modified_gmt":"2025-10-06T22:53:14","slug":"casi-mil-personas-quedaron-atrapadas-en-el-monte-everest-tras-tormenta-de-nieve","status":"publish","type":"post","link":"https:\/\/rnoticias.com.mx\/Portal\/2025\/10\/06\/casi-mil-personas-quedaron-atrapadas-en-el-monte-everest-tras-tormenta-de-nieve\/","title":{"rendered":"Casi mil personas quedaron atrapadas en el monte Everest tras tormenta de nieve"},"content":{"rendered":"<div>Una violenta tormenta de nieve en el lado tibetano del\u00a0<strong>monte Everest<\/strong>\u00a0dej\u00f3 a cerca de 1,000 personas atrapadas en campamentos sobre la ladera este, reportan medios internacionales.<\/div>\n<div><\/div>\n<div>La nevada comenz\u00f3 el viernes por la noche y persisti\u00f3 durante el s\u00e1bado, bloqueando accesos a rutas y provocando el colapso de algunas carpas, adem\u00e1s de\u00a0<strong>casos de hipotermia entre los escaladores<\/strong>.<\/div>\n<div><\/div>\n<div>Equipos de rescate locales, apoyados por habitantes de las zonas aleda\u00f1as, comenzaron a cumplir labores para despejar los caminos y asistir a quienes quedaron aislados. Hasta ahora, unas\u00a0<strong>350 personas<\/strong>\u00a0ya fueron\u00a0<strong>evacuadas\u00a0<\/strong>hacia la localidad de Qudang, y se ha establecido contacto con otros campamentos a\u00fan afectados.<\/div>\n<div><\/div>\n<div>Las autoridades tambi\u00e9n\u00a0<strong>suspendieron temporalmente la venta de boletos y el acceso al \u00e1rea esc\u00e9nica de Everest para evitar m\u00e1s peligros<\/strong>\u00a0durante las operaciones.<\/div>\n<p>&nbsp;<\/p>\n<p>Fuente: Reuters<\/p>\n","protected":false},"excerpt":{"rendered":"<p>Una violenta tormenta de nieve en el lado tibetano del\u00a0monte Everest\u00a0dej\u00f3 a cerca de 1,000 personas atrapadas en campamentos sobre la ladera este, reportan medios internacionales. La nevada comenz\u00f3 el viernes por la noche y persisti\u00f3 durante el s\u00e1bado, bloqueando accesos a rutas y provocando el colapso de algunas carpas, adem\u00e1s de\u00a0casos de hipotermia entre [&hellip;]<\/p>\n","protected":false},"author":2,"featured_media":231382,"comment_status":"closed","ping_status":"closed","sticky":false,"template":"","format":"standard","meta":{"footnotes":""},"categories":[12870,182],"tags":[12865,12871],"class_list":["post-231381","post","type-post","status-publish","format-standard","has-post-thumbnail","hentry","category-destacadas","category-internacional","tag-destacadas","tag-internacional"],"jetpack_featured_media_url":"https:\/\/rnoticias.com.mx\/Portal\/wp-content\/uploads\/2025\/10\/tormenta-everest.jpg","amp_enabled":true,"_links":{"self":[{"href":"https:\/\/rnoticias.com.mx\/Portal\/wp-json\/wp\/v2\/posts\/231381","targetHints":{"allow":["GET"]}}],"collection":[{"href":"https:\/\/rnoticias.com.mx\/Portal\/wp-json\/wp\/v2\/posts"}],"about":[{"href":"https:\/\/rnoticias.com.mx\/Portal\/wp-json\/wp\/v2\/types\/post"}],"author":[{"embeddable":true,"href":"https:\/\/rnoticias.com.mx\/Portal\/wp-json\/wp\/v2\/users\/2"}],"replies":[{"embeddable":true,"href":"https:\/\/rnoticias.com.mx\/Portal\/wp-json\/wp\/v2\/comments?post=231381"}],"version-history":[{"count":1,"href":"https:\/\/rnoticias.com.mx\/Portal\/wp-json\/wp\/v2\/posts\/231381\/revisions"}],"predecessor-version":[{"id":231383,"href":"https:\/\/rnoticias.com.mx\/Portal\/wp-json\/wp\/v2\/posts\/231381\/revisions\/231383"}],"wp:featuredmedia":[{"embeddable":true,"href":"https:\/\/rnoticias.com.mx\/Portal\/wp-json\/wp\/v2\/media\/231382"}],"wp:attachment":[{"href":"https:\/\/rnoticias.com.mx\/Portal\/wp-json\/wp\/v2\/media?parent=231381"}],"wp:term":[{"taxonomy":"category","embeddable":true,"href":"https:\/\/rnoticias.com.mx\/Portal\/wp-json\/wp\/v2\/categories?post=231381"},{"taxonomy":"post_tag","embeddable":true,"href":"https:\/\/rnoticias.com.mx\/Portal\/wp-json\/wp\/v2\/tags?post=231381"}],"curies":[{"name":"wp","href":"https:\/\/api.w.org\/{rel}","templated":true}]}}