{"id":231373,"date":"2025-10-06T15:28:36","date_gmt":"2025-10-06T22:28:36","guid":{"rendered":"https:\/\/rnoticias.com.mx\/Portal\/?p=231373"},"modified":"2025-10-06T15:28:36","modified_gmt":"2025-10-06T22:28:36","slug":"desaparece-sacerdote-en-guerrero-activan-protocolo-de-busqueda","status":"publish","type":"post","link":"https:\/\/rnoticias.com.mx\/Portal\/2025\/10\/06\/desaparece-sacerdote-en-guerrero-activan-protocolo-de-busqueda\/","title":{"rendered":"Desaparece sacerdote en Guerrero; activan protocolo de b\u00fasqueda"},"content":{"rendered":"<p>La\u00a0<strong>di\u00f3cesis de Chilpancingo-Chilapa<\/strong>\u00a0inform\u00f3 este lunes de la desaparici\u00f3n del sacerdote\u00a0<strong>Bertoldo Pantale\u00f3n Estrad<\/strong>a, quien est\u00e1 a cargo de la parroquia de San Crist\u00f3bal en Mezcala, en el estado sure\u00f1o de<strong>\u00a0Guerrero,<\/strong>\u00a0y solicit\u00f3 la activaci\u00f3n del protocolo de b\u00fasqueda.<\/p>\n<p>En un comunicado, la di\u00f3cesis confirm\u00f3 la desaparici\u00f3n del religioso y comunic\u00f3 que &#8220;ya ha pedido a las autoridades civiles que activen el\u00a0<strong>protocolo de b\u00fasqueda y localizaci\u00f3n<\/strong>&#8221; de Pantale\u00f3n Estrada, de quien no se tiene informaci\u00f3n desde el 4 de octubre.<\/p>\n<p>&#8220;Por este momento tan delicado que estamos viviendo pido a todo el presbiterio<strong>\u00a0evitar las especulaciones<\/strong>\u00a0y mantener un esp\u00edritu optimista en medio de la adversidad&#8221;, destac\u00f3 el documento.<\/p>\n<p>La di\u00f3cesis rog\u00f3 al presbiterio elevar sus oraciones en las diferentes comunidades parroquiales para que sea respetada la integridad del sacerdote desaparecido y sea localizado con bien.<\/p>\n<p>Esta no es la primera vez que en Guerrero, uno de los estados que concentra m\u00e1s de la mitad de los homicidios dolosos en el pa\u00eds, ocurren cr\u00edmenes en contra de los miembros de la Iglesia cat\u00f3lica, pues en 2018 fue asesinado Iv\u00e1n A\u00f1orve Jaimes de la parroquia del poblado de Las Vigas, as\u00ed como Germa\u00edn Mu\u00f1iz Garc\u00eda, quien era el p\u00e1rroco de Mezcala.<\/p>\n","protected":false},"excerpt":{"rendered":"<p>La\u00a0di\u00f3cesis de Chilpancingo-Chilapa\u00a0inform\u00f3 este lunes de la desaparici\u00f3n del sacerdote\u00a0Bertoldo Pantale\u00f3n Estrada, quien est\u00e1 a cargo de la parroquia de San Crist\u00f3bal en Mezcala, en el estado sure\u00f1o de\u00a0Guerrero,\u00a0y solicit\u00f3 la activaci\u00f3n del protocolo de b\u00fasqueda. En un comunicado, la di\u00f3cesis confirm\u00f3 la desaparici\u00f3n del religioso y comunic\u00f3 que &#8220;ya ha pedido a las autoridades [&hellip;]<\/p>\n","protected":false},"author":2,"featured_media":231374,"comment_status":"closed","ping_status":"closed","sticky":false,"template":"","format":"standard","meta":{"footnotes":""},"categories":[12870,172],"tags":[12865,12874],"class_list":["post-231373","post","type-post","status-publish","format-standard","has-post-thumbnail","hentry","category-destacadas","category-nacional","tag-destacadas","tag-nacional"],"jetpack_featured_media_url":"https:\/\/rnoticias.com.mx\/Portal\/wp-content\/uploads\/2025\/10\/Desaparece-sacerdote-en-Guerrero-Diocesis-pide-activar-protocolo-de-busqueda.jpg","amp_enabled":true,"_links":{"self":[{"href":"https:\/\/rnoticias.com.mx\/Portal\/wp-json\/wp\/v2\/posts\/231373","targetHints":{"allow":["GET"]}}],"collection":[{"href":"https:\/\/rnoticias.com.mx\/Portal\/wp-json\/wp\/v2\/posts"}],"about":[{"href":"https:\/\/rnoticias.com.mx\/Portal\/wp-json\/wp\/v2\/types\/post"}],"author":[{"embeddable":true,"href":"https:\/\/rnoticias.com.mx\/Portal\/wp-json\/wp\/v2\/users\/2"}],"replies":[{"embeddable":true,"href":"https:\/\/rnoticias.com.mx\/Portal\/wp-json\/wp\/v2\/comments?post=231373"}],"version-history":[{"count":1,"href":"https:\/\/rnoticias.com.mx\/Portal\/wp-json\/wp\/v2\/posts\/231373\/revisions"}],"predecessor-version":[{"id":231375,"href":"https:\/\/rnoticias.com.mx\/Portal\/wp-json\/wp\/v2\/posts\/231373\/revisions\/231375"}],"wp:featuredmedia":[{"embeddable":true,"href":"https:\/\/rnoticias.com.mx\/Portal\/wp-json\/wp\/v2\/media\/231374"}],"wp:attachment":[{"href":"https:\/\/rnoticias.com.mx\/Portal\/wp-json\/wp\/v2\/media?parent=231373"}],"wp:term":[{"taxonomy":"category","embeddable":true,"href":"https:\/\/rnoticias.com.mx\/Portal\/wp-json\/wp\/v2\/categories?post=231373"},{"taxonomy":"post_tag","embeddable":true,"href":"https:\/\/rnoticias.com.mx\/Portal\/wp-json\/wp\/v2\/tags?post=231373"}],"curies":[{"name":"wp","href":"https:\/\/api.w.org\/{rel}","templated":true}]}}