{"id":231370,"date":"2025-10-06T15:27:36","date_gmt":"2025-10-06T22:27:36","guid":{"rendered":"https:\/\/rnoticias.com.mx\/Portal\/?p=231370"},"modified":"2025-10-06T15:50:32","modified_gmt":"2025-10-06T22:50:32","slug":"vamos-a-pintar-sonora-de-naranja-en-el-2027-jorge-alvarez-maynez","status":"publish","type":"post","link":"https:\/\/rnoticias.com.mx\/Portal\/2025\/10\/06\/vamos-a-pintar-sonora-de-naranja-en-el-2027-jorge-alvarez-maynez\/","title":{"rendered":"Vamos a pintar Sonora de Naranja en el 2027: Jorge Alvarez M\u00e1ynez"},"content":{"rendered":"<p>Hermosillo, Sonora a 06 de octubre de 2025.- Nuestro objetivo es trabajar para mejorar las condiciones en las que viven las personas, que venzamos al miedo, la inseguridad, la impunidad y la falta de oportunidades que sigue siendo la realidad de millones de personas de nuestro pa\u00eds, expres\u00f3 Jorge Alvarez M\u00e1ynez.<\/p>\n<p>En su mensaje por la inauguraci\u00f3n de la Casa Naranja Sonora, el Coordinador Nacional dijo que este espacio representa trabajo y suma, \u201cSomos un equipo que le damos la bienvenida a todas las personas que lleguen con trabajo, ideas y entusiasmo; que conf\u00eda en las nuevas generaciones\u201d.<\/p>\n<p>Acompa\u00f1ado de la coordinadora estatal Natalia Rivera Grijalva, el tesorero nacional Isaac Barrios Ochoa y la energ\u00eda de la fuerza naranja realizaron el corte de list\u00f3n de la casa que recibir\u00e1 a toda la familia naranja de Sonora en el coraz\u00f3n del centro de la capital.<\/p>\n<p>\u201cEste ser\u00e1 el lugar donde las causas se escuchan, las ideas se trabajan y los sue\u00f1os se hacen realidad. Un lugar en donde todas y todos se sientan representados, porque su voz se convertir\u00e1 en propuestas, en planes, en proyectos de trabajo que mejoren sus comunidades\u201d, afirm\u00f3 Natalia Rivera.<\/p>\n<p>Jorge Alvarez M\u00e1ynez afirm\u00f3 que Movimiento Ciudadano no es un partido de dirigentes, sino de equipo de liderazgos que trabaja en colectivo , que construyen desde lo local, desde el territorio, en dimensi\u00f3n horizontal, sin caudillismos, ni cacicazgos, ni corrientes que dividan, es un equipo.<\/p>\n<p>\u201cEn Movimiento Ciudadano construimos esa alternativa que la gente merece por nuestros hijos; estamos viendo gobiernos que est\u00e1n extraviando el camino, generando los mismos vicios que le costaron al pa\u00eds, excesos y soberbia; y esa es la oportunidad de revindicar la pol\u00edtica y en el 2027 pintar a M\u00e9xico y a Sonora de naranja\u201d, refiri\u00f3 M\u00e1ynez.<\/p>\n<p>Como parte de las expresiones que alzan la voz ciudadana, se cont\u00f3 con la participaci\u00f3n de los j\u00f3venes freestyleros, quienes con su energ\u00eda, inteligencia, dinamismo y creatividad compartieron un mensaje de esperanza para los j\u00f3venes y las familias de Sonora.<\/p>\n<p>Durante este evento se cont\u00f3 con la valiosa representaci\u00f3n de la Fuerza Naranja de todo el Estado, el diputado local naranja Manuel Scott, Secretarios Estatales, Coordinaciones Municipales, Regidores y Regidoras Naranja.<\/p>\n","protected":false},"excerpt":{"rendered":"<p>Hermosillo, Sonora a 06 de octubre de 2025.- Nuestro objetivo es trabajar para mejorar las condiciones en las que viven las personas, que venzamos al miedo, la inseguridad, la impunidad y la falta de oportunidades que sigue siendo la realidad de millones de personas de nuestro pa\u00eds, expres\u00f3 Jorge Alvarez M\u00e1ynez. En su mensaje por [&hellip;]<\/p>\n","protected":false},"author":2,"featured_media":231371,"comment_status":"closed","ping_status":"closed","sticky":false,"template":"","format":"standard","meta":{"footnotes":""},"categories":[12870,12868],"tags":[12865,12879],"class_list":["post-231370","post","type-post","status-publish","format-standard","has-post-thumbnail","hentry","category-destacadas","category-politica","tag-destacadas","tag-politica"],"jetpack_featured_media_url":"https:\/\/rnoticias.com.mx\/Portal\/wp-content\/uploads\/2025\/10\/679f226e-f9c9-4bd7-ad5d-3e554a934b6a.jpeg","amp_enabled":true,"_links":{"self":[{"href":"https:\/\/rnoticias.com.mx\/Portal\/wp-json\/wp\/v2\/posts\/231370","targetHints":{"allow":["GET"]}}],"collection":[{"href":"https:\/\/rnoticias.com.mx\/Portal\/wp-json\/wp\/v2\/posts"}],"about":[{"href":"https:\/\/rnoticias.com.mx\/Portal\/wp-json\/wp\/v2\/types\/post"}],"author":[{"embeddable":true,"href":"https:\/\/rnoticias.com.mx\/Portal\/wp-json\/wp\/v2\/users\/2"}],"replies":[{"embeddable":true,"href":"https:\/\/rnoticias.com.mx\/Portal\/wp-json\/wp\/v2\/comments?post=231370"}],"version-history":[{"count":1,"href":"https:\/\/rnoticias.com.mx\/Portal\/wp-json\/wp\/v2\/posts\/231370\/revisions"}],"predecessor-version":[{"id":231372,"href":"https:\/\/rnoticias.com.mx\/Portal\/wp-json\/wp\/v2\/posts\/231370\/revisions\/231372"}],"wp:featuredmedia":[{"embeddable":true,"href":"https:\/\/rnoticias.com.mx\/Portal\/wp-json\/wp\/v2\/media\/231371"}],"wp:attachment":[{"href":"https:\/\/rnoticias.com.mx\/Portal\/wp-json\/wp\/v2\/media?parent=231370"}],"wp:term":[{"taxonomy":"category","embeddable":true,"href":"https:\/\/rnoticias.com.mx\/Portal\/wp-json\/wp\/v2\/categories?post=231370"},{"taxonomy":"post_tag","embeddable":true,"href":"https:\/\/rnoticias.com.mx\/Portal\/wp-json\/wp\/v2\/tags?post=231370"}],"curies":[{"name":"wp","href":"https:\/\/api.w.org\/{rel}","templated":true}]}}