{"id":231328,"date":"2025-10-06T10:51:04","date_gmt":"2025-10-06T17:51:04","guid":{"rendered":"https:\/\/rnoticias.com.mx\/Portal\/?p=231328"},"modified":"2025-10-06T10:51:04","modified_gmt":"2025-10-06T17:51:04","slug":"huracan-priscilla-se-desplaza-lentamente-frente-a-costas-de-mexico","status":"publish","type":"post","link":"https:\/\/rnoticias.com.mx\/Portal\/2025\/10\/06\/huracan-priscilla-se-desplaza-lentamente-frente-a-costas-de-mexico\/","title":{"rendered":"Hurac\u00e1n Priscilla se desplaza lentamente frente a costas de M\u00e9xico"},"content":{"rendered":"<p>El\u00a0<strong>hurac\u00e1n Priscilla,<\/strong>\u00a0que se mantiene como\u00a0<strong>categor\u00eda 1<\/strong>\u00a0en la escala Saffir-Simpson, se desplaza lentamente frente a las costas del occidente de M\u00e9xico, y generar\u00e1\u00a0<strong>lluvias intensas en seis estados<\/strong>\u00a0del Pac\u00edfico mexicano, inform\u00f3 el Servicio Meteorol\u00f3gico Nacional (SMN).<\/p>\n<p>En un comunicado, el organismo, dependiente de la Comisi\u00f3n Nacional del Agua (Conagua), precis\u00f3 que a las 09:00 hora local (15:00 GMT) el centro del hurac\u00e1n se localiz\u00f3 a 370 km. al sur-suroeste de Cabo Corrientes,<strong>\u00a0Jalisco<\/strong>, y a 655 km. al sur-sureste de Cabo San Lucas,\u00a0<strong>Baja California Sur.<\/strong><\/p>\n<p>El fen\u00f3meno registra\u00a0<strong>vientos m\u00e1ximos sostenidos de 140 km\/h,<\/strong>\u00a0rachas de 170 km\/h y se desplaza hacia el nor-noroeste a 7 km\/h.<\/p>\n<p>Sus desprendimientos nubosos generar\u00e1n\u00a0<strong>lluvias intensas de 75 a 150 mm<\/strong>\u00a0en Colima y el este y la costa de Jalisco; muy fuertes de\u00a0<strong>50 a 75 mm\u00a0<\/strong>en Nayarit, el sur de Sinaloa, la costa de Michoac\u00e1n y el suroeste de Guerrero, as\u00ed como fuertes de 25 a 50 mm en el sur de Baja California Sur.<\/p>\n<p>Adem\u00e1s, se prev\u00e9n vientos de 60 a 70 km\/h con rachas de 80 a 100 km\/h en Jalisco y Colima, de 30 a 40 km\/h con rachas de 50 a 70 km\/h en el sur de Baja California Sur y costas de Michoac\u00e1n y de 10 a 25 km\/h con rachas de 40 a 50 km\/h en Nayarit y el sur de Sinaloa.<\/p>\n<p>Tambi\u00e9n se prev\u00e9\u00a0<strong>oleaje de 5 a 6 metros de altura en costas de Jalisco y Colima<\/strong>, de 3 a 4 metros de altura en costas de Michoac\u00e1n y de 2 a 3 metros de altura en Nayarit, el sur de Baja California Sur y el oeste de Guerrero.<\/p>\n<p>Por lo anterior, el SMN estableci\u00f3 una zona de vigilancia por efectos de tormenta tropical desde Cabo San Lucas hasta Santa Fe, en Baja California Sur, y se mantiene desde Punta San Telmo, Michoac\u00e1n, hasta Punta Mita, Nayarit.<\/p>\n<p>Seg\u00fan los pron\u00f3sticos, Priscilla se mantendr\u00e1 como hurac\u00e1n categor\u00eda 1 y podr\u00eda elevarse a 2 entre el martes y el mi\u00e9rcoles.<\/p>\n","protected":false},"excerpt":{"rendered":"<p>El\u00a0hurac\u00e1n Priscilla,\u00a0que se mantiene como\u00a0categor\u00eda 1\u00a0en la escala Saffir-Simpson, se desplaza lentamente frente a las costas del occidente de M\u00e9xico, y generar\u00e1\u00a0lluvias intensas en seis estados\u00a0del Pac\u00edfico mexicano, inform\u00f3 el Servicio Meteorol\u00f3gico Nacional (SMN). En un comunicado, el organismo, dependiente de la Comisi\u00f3n Nacional del Agua (Conagua), precis\u00f3 que a las 09:00 hora local (15:00 [&hellip;]<\/p>\n","protected":false},"author":2,"featured_media":231329,"comment_status":"closed","ping_status":"closed","sticky":false,"template":"","format":"standard","meta":{"footnotes":""},"categories":[12870,172],"tags":[12865,12874],"class_list":["post-231328","post","type-post","status-publish","format-standard","has-post-thumbnail","hentry","category-destacadas","category-nacional","tag-destacadas","tag-nacional"],"jetpack_featured_media_url":"https:\/\/rnoticias.com.mx\/Portal\/wp-content\/uploads\/2025\/10\/OBJ_20250619T001643S0012I_1_1_1_32_7_6.webp","amp_enabled":true,"_links":{"self":[{"href":"https:\/\/rnoticias.com.mx\/Portal\/wp-json\/wp\/v2\/posts\/231328","targetHints":{"allow":["GET"]}}],"collection":[{"href":"https:\/\/rnoticias.com.mx\/Portal\/wp-json\/wp\/v2\/posts"}],"about":[{"href":"https:\/\/rnoticias.com.mx\/Portal\/wp-json\/wp\/v2\/types\/post"}],"author":[{"embeddable":true,"href":"https:\/\/rnoticias.com.mx\/Portal\/wp-json\/wp\/v2\/users\/2"}],"replies":[{"embeddable":true,"href":"https:\/\/rnoticias.com.mx\/Portal\/wp-json\/wp\/v2\/comments?post=231328"}],"version-history":[{"count":1,"href":"https:\/\/rnoticias.com.mx\/Portal\/wp-json\/wp\/v2\/posts\/231328\/revisions"}],"predecessor-version":[{"id":231330,"href":"https:\/\/rnoticias.com.mx\/Portal\/wp-json\/wp\/v2\/posts\/231328\/revisions\/231330"}],"wp:featuredmedia":[{"embeddable":true,"href":"https:\/\/rnoticias.com.mx\/Portal\/wp-json\/wp\/v2\/media\/231329"}],"wp:attachment":[{"href":"https:\/\/rnoticias.com.mx\/Portal\/wp-json\/wp\/v2\/media?parent=231328"}],"wp:term":[{"taxonomy":"category","embeddable":true,"href":"https:\/\/rnoticias.com.mx\/Portal\/wp-json\/wp\/v2\/categories?post=231328"},{"taxonomy":"post_tag","embeddable":true,"href":"https:\/\/rnoticias.com.mx\/Portal\/wp-json\/wp\/v2\/tags?post=231328"}],"curies":[{"name":"wp","href":"https:\/\/api.w.org\/{rel}","templated":true}]}}