{"id":231322,"date":"2025-10-06T10:48:54","date_gmt":"2025-10-06T17:48:54","guid":{"rendered":"https:\/\/rnoticias.com.mx\/Portal\/?p=231322"},"modified":"2025-10-06T10:48:54","modified_gmt":"2025-10-06T17:48:54","slug":"el-paratletismo-de-sonora-abre-con-9-medallas-en-la-paralimpiada-nacional","status":"publish","type":"post","link":"https:\/\/rnoticias.com.mx\/Portal\/2025\/10\/06\/el-paratletismo-de-sonora-abre-con-9-medallas-en-la-paralimpiada-nacional\/","title":{"rendered":"El paratletismo de Sonora abre con 9 medallas en la Paralimpiada Nacional"},"content":{"rendered":"<p align=\"justify\">Hermosillo, Sonora, 6 de octubre del 2025.- Sonora abri\u00f3 con una excelente jornada su participaci\u00f3n en el paratletismo de la Paralimpiada Nacional Aguascalientes 2025, en donde conquist\u00f3 un total de nueve medallas: cinco de oro, dos de plata y un par de bronces.<\/p>\n<p align=\"justify\">\n<p align=\"justify\">En la apertura de las acciones de la categor\u00eda Juvenil Menor, que tuvo lugar la tarde noche del s\u00e1bado, en la pista y campo del Estadio Ol\u00edmpico IDEA, la figura result\u00f3 Jordan Andrea Urrutia (clasificaci\u00f3n T12), quien gan\u00f3 dos preseas: una de oro y una de plata.<\/p>\n<p align=\"justify\">\n<p align=\"justify\">La presea del m\u00e1ximo color la obtuvo en salto de longitud, con una marca de 3.61 metros, mientras que la de color argento la obtuvo en 100 metros planos en donde lleg\u00f3 en segundo sitio por un tiempo de 15:43.<\/p>\n<p align=\"justify\">\n<p align=\"justify\">Los otros medallistas dorados de nuestra entidad, resultaron: V\u00edctor Lira (800 metros planos T20 con un cron\u00f3metro de 2:12\u201940), Yaliztia Castillo (impulso de bala F55\/56\/57 luego de marcar 6.99), Jes\u00fas Obed Arvizu (salto de longitud T12 tras un brinco\u00a0de 4.41) y Manuel Cebreros (lanzamiento de jabalina F61\/62\/63\/64 quien dispar\u00f3 23.66).<\/p>\n<p align=\"justify\">\n<p align=\"justify\">A su vez la otra presea de plata correspondi\u00f3 a Dulce Miranda (impulso de bala F20 con 8.77 metros); los dos bronces fueron para Darien Pereda (salto de longitud T11 mediante una marca de 1.92) y Jes\u00fas Guadalupe L\u00f3pez (jabalina F45\/46 femenil al lograr 11.49).<\/p>\n","protected":false},"excerpt":{"rendered":"<p>Hermosillo, Sonora, 6 de octubre del 2025.- Sonora abri\u00f3 con una excelente jornada su participaci\u00f3n en el paratletismo de la Paralimpiada Nacional Aguascalientes 2025, en donde conquist\u00f3 un total de nueve medallas: cinco de oro, dos de plata y un par de bronces. En la apertura de las acciones de la categor\u00eda Juvenil Menor, que [&hellip;]<\/p>\n","protected":false},"author":2,"featured_media":231323,"comment_status":"closed","ping_status":"closed","sticky":false,"template":"","format":"standard","meta":{"footnotes":""},"categories":[188,12870],"tags":[5231,12865],"class_list":["post-231322","post","type-post","status-publish","format-standard","has-post-thumbnail","hentry","category-deportes","category-destacadas","tag-deportes","tag-destacadas"],"jetpack_featured_media_url":"https:\/\/rnoticias.com.mx\/Portal\/wp-content\/uploads\/2025\/10\/unnamed-9.jpg","amp_enabled":true,"_links":{"self":[{"href":"https:\/\/rnoticias.com.mx\/Portal\/wp-json\/wp\/v2\/posts\/231322","targetHints":{"allow":["GET"]}}],"collection":[{"href":"https:\/\/rnoticias.com.mx\/Portal\/wp-json\/wp\/v2\/posts"}],"about":[{"href":"https:\/\/rnoticias.com.mx\/Portal\/wp-json\/wp\/v2\/types\/post"}],"author":[{"embeddable":true,"href":"https:\/\/rnoticias.com.mx\/Portal\/wp-json\/wp\/v2\/users\/2"}],"replies":[{"embeddable":true,"href":"https:\/\/rnoticias.com.mx\/Portal\/wp-json\/wp\/v2\/comments?post=231322"}],"version-history":[{"count":1,"href":"https:\/\/rnoticias.com.mx\/Portal\/wp-json\/wp\/v2\/posts\/231322\/revisions"}],"predecessor-version":[{"id":231324,"href":"https:\/\/rnoticias.com.mx\/Portal\/wp-json\/wp\/v2\/posts\/231322\/revisions\/231324"}],"wp:featuredmedia":[{"embeddable":true,"href":"https:\/\/rnoticias.com.mx\/Portal\/wp-json\/wp\/v2\/media\/231323"}],"wp:attachment":[{"href":"https:\/\/rnoticias.com.mx\/Portal\/wp-json\/wp\/v2\/media?parent=231322"}],"wp:term":[{"taxonomy":"category","embeddable":true,"href":"https:\/\/rnoticias.com.mx\/Portal\/wp-json\/wp\/v2\/categories?post=231322"},{"taxonomy":"post_tag","embeddable":true,"href":"https:\/\/rnoticias.com.mx\/Portal\/wp-json\/wp\/v2\/tags?post=231322"}],"curies":[{"name":"wp","href":"https:\/\/api.w.org\/{rel}","templated":true}]}}