{"id":231319,"date":"2025-10-06T10:48:13","date_gmt":"2025-10-06T17:48:13","guid":{"rendered":"https:\/\/rnoticias.com.mx\/Portal\/?p=231319"},"modified":"2025-10-06T10:48:13","modified_gmt":"2025-10-06T17:48:13","slug":"advierten-del-aumento-de-vapeadores-entre-jovenes","status":"publish","type":"post","link":"https:\/\/rnoticias.com.mx\/Portal\/2025\/10\/06\/advierten-del-aumento-de-vapeadores-entre-jovenes\/","title":{"rendered":"Advierten del aumento de vapeadores entre j\u00f3venes"},"content":{"rendered":"<p><strong>Al menos 15 millones de j\u00f3venes de entre trece y quince a\u00f1os fuman cigarrillos electr\u00f3nicos en el mundo y en promedio el riesgo de que comiencen a hacerlo es nueve veces mayor que entre adultos<\/strong>, alerta la Organizaci\u00f3n Mundial de la Salud (OMS) en su informe global sobre el consumo de tabaco.<\/p>\n<p><mark><strong>&#8220;Los cigarrillos electr\u00f3nicos est\u00e1n alimentando una nueva ola de adicci\u00f3n a la nicotina&#8221;<\/strong><\/mark>, advirti\u00f3 en la presentaci\u00f3n del nuevo informe el director del Departamento de Determinantes de la Salud, Promoci\u00f3n y Prevenci\u00f3n de la OMS, Etienne Krug.<\/p>\n<p>Presentados en muchas ocasiones como un sustituto menos perjudicial que el tabaco tradicional,<strong>\u00a0&#8220;en realidad est\u00e1n enganchando a los j\u00f3venes a la nicotina a una edad m\u00e1s temprana y ponen en riesgo d\u00e9cadas de avances&#8221;,<\/strong>\u00a0agreg\u00f3 el experto.<\/p>\n<p>El total de consumidores de cigarrillos electr\u00f3nicos es de 86 millones, en su mayor\u00eda en pa\u00edses de altos ingresos, seg\u00fan un informe que por primera vez contiene cifras estimadas en torno a estos productos, aunque todav\u00eda muchos pa\u00edses no reportan sobre ellos.<\/p>\n<h2>140 millones de fumadores menos<\/h2>\n<p><strong>El n\u00famero de fumadores de tabaco en cifras absolutas ha bajado de mil 380 millones a principios de siglo \u2014un 33.1% de la poblaci\u00f3n mundial\u2014 a mil 237 millones en 2024,\u00a0<\/strong>un 19.5%, porcentaje que, seg\u00fan las proyecciones de la OMS podr\u00eda caer al 17.4 % en 2030.<\/p>\n<p>El consumo de tabaco disminuye, sin embargo, de forma m\u00e1s r\u00e1pida en mujeres \u2014donde el porcentaje actual es del 6.6% frente al 16.5% de 2000\u2014 que entre los hombres, ya que un 49.8% de ellos fumaba a principios de siglo y en 2024 lo segu\u00eda haciendo un 32.5 por ciento.<\/p>\n<p>Por edades,<strong>\u00a0<\/strong><mark><strong>la franja entre los 45 y 54 a\u00f1os se mantiene como la que m\u00e1s fuma,<\/strong><\/mark><strong>\u00a0<\/strong>aunque el porcentaje ha bajado del 42.1% en 2000 al 25% actual, mientras que\u00a0<strong>entre los m\u00e1s j\u00f3venes (15-24 a\u00f1os) el descenso ha sido del 20.3 % al 12.1% en el mismo periodo.<\/strong><\/p>\n<p>El sureste asi\u00e1tico era en 2000 la regi\u00f3n con mayor prevalencia de fumadores \u2014un 54.1% de la poblaci\u00f3n total\u2014, mientras que en 2024 el consumo relativo lo encabeza Europa, con un 24.1% frente al 14% en Am\u00e9rica o el 9.5% en \u00c1frica, la regi\u00f3n donde el uso de tabaco es m\u00e1s minoritario.<\/p>\n<p>Europa es tambi\u00e9n la regi\u00f3n donde el consumo de tabaco entre adolescentes de 13 a 15 a\u00f1os alcanza porcentajes m\u00e1s altos, de hasta el 11.6%, una cifra casi igual en ni\u00f1os que en ni\u00f1as, aunque en ninguna regi\u00f3n del planeta se baja del 9 por ciento.<\/p>\n<h2>Espa\u00f1a por encima de la media, Latinoam\u00e9rica fuma menos<\/h2>\n<p>Por pa\u00edses, Espa\u00f1a mantiene un porcentaje de consumo de tabaco entre ambos sexos superior a la media mundial, del 27.6%,\u00a0<strong>con un porcentaje del 28.9% entre hombres y del 26.2% entre mujeres, tasa esta \u00faltima que casi cuadruplica el promedio global.<\/strong><\/p>\n<p><mark><strong>En los pa\u00edses latinoamericanos los porcentajes en general son m\u00e1s bajos, siendo Chile (26.7% para ambos sexos) y Argentina (23.5%) los pa\u00edses de la regi\u00f3n con porcentajes m\u00e1s altos,<\/strong><\/mark>\u00a0mientras que al otro lado se sit\u00faan con las tasas m\u00e1s bajas Paraguay (6.4%) y Panam\u00e1 (4.8%).<\/p>\n<p><strong>&#8220;El mundo fuma menos, pero la epidemia del tabaco est\u00e1 lejos de haber terminado&#8221;<\/strong>, concluye la OMS, advirtiendo que la industria tabaquera sigue contraatacando con nuevos productos que contienen la adictiva nicotina, y agresivas campa\u00f1as dirigidas a los m\u00e1s j\u00f3venes que los gobiernos deben combatir &#8220;de forma r\u00e1pida y en\u00e9rgica&#8221;.<\/p>\n","protected":false},"excerpt":{"rendered":"<p>Al menos 15 millones de j\u00f3venes de entre trece y quince a\u00f1os fuman cigarrillos electr\u00f3nicos en el mundo y en promedio el riesgo de que comiencen a hacerlo es nueve veces mayor que entre adultos, alerta la Organizaci\u00f3n Mundial de la Salud (OMS) en su informe global sobre el consumo de tabaco. &#8220;Los cigarrillos electr\u00f3nicos [&hellip;]<\/p>\n","protected":false},"author":2,"featured_media":231320,"comment_status":"closed","ping_status":"closed","sticky":false,"template":"","format":"standard","meta":{"footnotes":""},"categories":[12870,182],"tags":[12865,12871],"class_list":["post-231319","post","type-post","status-publish","format-standard","has-post-thumbnail","hentry","category-destacadas","category-internacional","tag-destacadas","tag-internacional"],"jetpack_featured_media_url":"https:\/\/rnoticias.com.mx\/Portal\/wp-content\/uploads\/2025\/10\/vapeadores-adolescentes.jpg.webp","amp_enabled":true,"_links":{"self":[{"href":"https:\/\/rnoticias.com.mx\/Portal\/wp-json\/wp\/v2\/posts\/231319","targetHints":{"allow":["GET"]}}],"collection":[{"href":"https:\/\/rnoticias.com.mx\/Portal\/wp-json\/wp\/v2\/posts"}],"about":[{"href":"https:\/\/rnoticias.com.mx\/Portal\/wp-json\/wp\/v2\/types\/post"}],"author":[{"embeddable":true,"href":"https:\/\/rnoticias.com.mx\/Portal\/wp-json\/wp\/v2\/users\/2"}],"replies":[{"embeddable":true,"href":"https:\/\/rnoticias.com.mx\/Portal\/wp-json\/wp\/v2\/comments?post=231319"}],"version-history":[{"count":1,"href":"https:\/\/rnoticias.com.mx\/Portal\/wp-json\/wp\/v2\/posts\/231319\/revisions"}],"predecessor-version":[{"id":231321,"href":"https:\/\/rnoticias.com.mx\/Portal\/wp-json\/wp\/v2\/posts\/231319\/revisions\/231321"}],"wp:featuredmedia":[{"embeddable":true,"href":"https:\/\/rnoticias.com.mx\/Portal\/wp-json\/wp\/v2\/media\/231320"}],"wp:attachment":[{"href":"https:\/\/rnoticias.com.mx\/Portal\/wp-json\/wp\/v2\/media?parent=231319"}],"wp:term":[{"taxonomy":"category","embeddable":true,"href":"https:\/\/rnoticias.com.mx\/Portal\/wp-json\/wp\/v2\/categories?post=231319"},{"taxonomy":"post_tag","embeddable":true,"href":"https:\/\/rnoticias.com.mx\/Portal\/wp-json\/wp\/v2\/tags?post=231319"}],"curies":[{"name":"wp","href":"https:\/\/api.w.org\/{rel}","templated":true}]}}