{"id":231305,"date":"2025-10-06T10:03:09","date_gmt":"2025-10-06T17:03:09","guid":{"rendered":"https:\/\/rnoticias.com.mx\/Portal\/?p=231305"},"modified":"2025-10-06T10:03:09","modified_gmt":"2025-10-06T17:03:09","slug":"aldo-de-nigris-gana-el-primer-lugar-en-la-casa-de-los-famosos","status":"publish","type":"post","link":"https:\/\/rnoticias.com.mx\/Portal\/2025\/10\/06\/aldo-de-nigris-gana-el-primer-lugar-en-la-casa-de-los-famosos\/","title":{"rendered":"Aldo De Nigris gana el primer lugar en La Casa de los Famosos"},"content":{"rendered":"<p><mark><strong>El esperado final de La Casa de los Famosos M\u00e9xico 2025 culmin\u00f3 con Aldo De Nigris alz\u00e1ndose como el campe\u00f3n absoluto de la temporada.<\/strong><\/mark>\u00a0Antes de abandonar la casa, el exfutbolista recibi\u00f3 un emotivo mensaje de La Jefa, quien reconoci\u00f3 su carisma, honestidad y la buena energ\u00eda con la que conquist\u00f3 al p\u00fablico y a sus compa\u00f1eros.<\/p>\n<p>\u201cEl ni\u00f1o bien, el pr\u00edncipe de Monterrey, nos conmoviste. Siempre dijiste que viniste a mi casa a pasarla bien, y cumpliste. Eres un verdadero campe\u00f3n. Es momento de que salgas y disfrutes de este gran logro\u201d, fueron las palabras que marcaron su despedida.<\/p>\n<p><strong>Visiblemente emocionado, Aldo comparti\u00f3 unas palabras con Galilea Montijo al recibir el premio: \u201cQuiero compartir este triunfo con Abelito, porque me la pas\u00e9 muy bien con \u00e9l ac\u00e1 adentro; me ayud\u00f3 mucho.\u201d<\/strong><\/p>\n<p>Con una sonrisa y entre aplausos, Aldo De Nigris apag\u00f3 las luces de la casa, cerrando as\u00ed una temporada llena de emociones, estrategias, amistades y momentos inolvidables que lo llevaron a convertirse en el favorito indiscutible del p\u00fablico mexicano.<\/p>\n<p>&nbsp;<\/p>\n<h2>\u00bfQui\u00e9n es Aldo Tamez de Nigris?<\/h2>\n<p><strong>La emblem\u00e1tica familia regiomontana De Nigris vuelve a estar bajo los reflectores.<\/strong>\u00a0Reconocidos por su car\u00e1cter fuerte, su carisma y una inevitable dosis de pol\u00e9mica, ahora el apellido vuelve a sonar con fuerza gracias a una nueva generaci\u00f3n. Tras el fen\u00f3meno medi\u00e1tico que desat\u00f3 Poncho de Nigris en 2023, el turno ha llegado para Aldo Tamez de Nigris, una de las figuras m\u00e1s comentadas de La Casa de los Famosos M\u00e9xico.<\/p>\n<p>Pero, \u00bfqui\u00e9n es realmente este joven que lleva con orgullo \u2014y responsabilidad\u2014 uno de los apellidos m\u00e1s medi\u00e1ticos del norte del pa\u00eds?<\/p>\n<h2>M\u00e1s que \u201cel sobrino de\u201d<\/h2>\n<p><mark><strong>Aldo es hijo de Leticia de Nigris, lo que lo convierte en sobrino directo de Poncho de Nigris, del exfutbolista Aldo de Nigris y del fallecido To\u00f1o \u201cTano\u201d de Nigris. Nacido y criado en Monterrey<\/strong><\/mark>, creci\u00f3 inmerso en el ambiente art\u00edstico y deportivo que caracteriza a su familia, pero ha buscado trazar su propio camino, alej\u00e1ndose de la sombra del legado familiar.<\/p>\n<p>Aunque su apellido naturalmente le abri\u00f3 algunas puertas, Aldo ha demostrado que no depende de \u00e9l para brillar. Se ha posicionado en redes sociales como creador de contenido enfocado en el deporte y el fitness, donde ha ganado miles de seguidores gracias a su disciplina, carisma y autenticidad.<\/p>\n<p>Adem\u00e1s, ha trabajado como modelo e influencer, colaborando con distintas marcas y construyendo una imagen s\u00f3lida y profesional. Su habilidad para conectar con el p\u00fablico y su desenvoltura frente a las c\u00e1maras lo convirtieron en un jugador estrat\u00e9gico dentro del reality, donde su presencia fue mucho m\u00e1s que la de \u201cotro De Nigris\u201d: fue la de un nuevo rostro con nombre propio y un futuro prometedor en el entretenimiento mexicano.<\/p>\n","protected":false},"excerpt":{"rendered":"<p>El esperado final de La Casa de los Famosos M\u00e9xico 2025 culmin\u00f3 con Aldo De Nigris alz\u00e1ndose como el campe\u00f3n absoluto de la temporada.\u00a0Antes de abandonar la casa, el exfutbolista recibi\u00f3 un emotivo mensaje de La Jefa, quien reconoci\u00f3 su carisma, honestidad y la buena energ\u00eda con la que conquist\u00f3 al p\u00fablico y a sus [&hellip;]<\/p>\n","protected":false},"author":2,"featured_media":231306,"comment_status":"closed","ping_status":"closed","sticky":false,"template":"","format":"standard","meta":{"footnotes":""},"categories":[12870,219],"tags":[12865,12875],"class_list":["post-231305","post","type-post","status-publish","format-standard","has-post-thumbnail","hentry","category-destacadas","category-espectaculos","tag-destacadas","tag-espectaculos"],"jetpack_featured_media_url":"https:\/\/rnoticias.com.mx\/Portal\/wp-content\/uploads\/2025\/10\/\u00bfQue-dijo-Aldo-De-Nigris-tras-ganar-La-Casa-de-los-Famosos-Mexico.jpg","amp_enabled":true,"_links":{"self":[{"href":"https:\/\/rnoticias.com.mx\/Portal\/wp-json\/wp\/v2\/posts\/231305","targetHints":{"allow":["GET"]}}],"collection":[{"href":"https:\/\/rnoticias.com.mx\/Portal\/wp-json\/wp\/v2\/posts"}],"about":[{"href":"https:\/\/rnoticias.com.mx\/Portal\/wp-json\/wp\/v2\/types\/post"}],"author":[{"embeddable":true,"href":"https:\/\/rnoticias.com.mx\/Portal\/wp-json\/wp\/v2\/users\/2"}],"replies":[{"embeddable":true,"href":"https:\/\/rnoticias.com.mx\/Portal\/wp-json\/wp\/v2\/comments?post=231305"}],"version-history":[{"count":1,"href":"https:\/\/rnoticias.com.mx\/Portal\/wp-json\/wp\/v2\/posts\/231305\/revisions"}],"predecessor-version":[{"id":231307,"href":"https:\/\/rnoticias.com.mx\/Portal\/wp-json\/wp\/v2\/posts\/231305\/revisions\/231307"}],"wp:featuredmedia":[{"embeddable":true,"href":"https:\/\/rnoticias.com.mx\/Portal\/wp-json\/wp\/v2\/media\/231306"}],"wp:attachment":[{"href":"https:\/\/rnoticias.com.mx\/Portal\/wp-json\/wp\/v2\/media?parent=231305"}],"wp:term":[{"taxonomy":"category","embeddable":true,"href":"https:\/\/rnoticias.com.mx\/Portal\/wp-json\/wp\/v2\/categories?post=231305"},{"taxonomy":"post_tag","embeddable":true,"href":"https:\/\/rnoticias.com.mx\/Portal\/wp-json\/wp\/v2\/tags?post=231305"}],"curies":[{"name":"wp","href":"https:\/\/api.w.org\/{rel}","templated":true}]}}