{"id":231292,"date":"2025-10-04T14:29:49","date_gmt":"2025-10-04T21:29:49","guid":{"rendered":"https:\/\/rnoticias.com.mx\/Portal\/?p=231292"},"modified":"2025-10-04T14:29:49","modified_gmt":"2025-10-04T21:29:49","slug":"congreso-de-sonora-dialoga-sobre-la-reduccion-de-la-jornada-laboral-a-40-horas","status":"publish","type":"post","link":"https:\/\/rnoticias.com.mx\/Portal\/2025\/10\/04\/congreso-de-sonora-dialoga-sobre-la-reduccion-de-la-jornada-laboral-a-40-horas\/","title":{"rendered":"Congreso de Sonora dialoga sobre la reducci\u00f3n de la jornada laboral a 40 horas"},"content":{"rendered":"<p>Hermosillo, Sonora; 4 de octubre de 2025.- El Congreso del Estado de Sonora llev\u00f3 a cabo este d\u00eda un di\u00e1logo informativo con integrantes del Frente Nacional por las 40 Horas Sonora, con el prop\u00f3sito de analizar y compartir puntos de vista en torno a la propuesta de reforma federal que plantea la reducci\u00f3n de la jornada laboral a 40 horas semanales.<\/p>\n<p>Durante el encuentro, se destac\u00f3 la importancia de abrir espacios de participaci\u00f3n ciudadana y de di\u00e1logo, a fin de construir consensos en torno a una reforma que busca mejorar las condiciones laborales en el pa\u00eds.<\/p>\n<p>La diputada federal Patricia Mercado Castro (MC) se\u00f1al\u00f3 que esta iniciativa tiene como eje central garantizar el bienestar integral de las y los trabajadores, al promover mejores condiciones laborales, incrementar la productividad y fomentar el equilibrio entre la vida personal y profesional.<\/p>\n<p>Por su parte, la diputada Gabriela F\u00e9lix Boj\u00f3rquez (MC) subray\u00f3 la relevancia de este tipo de ejercicios de di\u00e1logo, ya que permiten conocer de primera mano las inquietudes y perspectivas de las personas trabajadoras.<\/p>\n<p>Durante el desarrollo del foro se respondieron dudas y se compartieron opiniones y puntos de vista sobre esta reforma, as\u00ed como los beneficios de su implementaci\u00f3n en el \u00e1mbito estatal y nacional.<\/p>\n<p>Las personas participantes coincidieron en que la reducci\u00f3n de la jornada laboral representa un paso importante que permitir\u00e1 priorizar la salud, el tiempo familiar y el desarrollo personal.<\/p>\n<p>Al cierre del encuentro, ambas legisladoras reiteraron su compromiso de seguir escuchando a la ciudadan\u00eda en beneficio de jornadas laborales m\u00e1s justas y una mejor calidad de vida para las y los trabajadores.<\/p>\n","protected":false},"excerpt":{"rendered":"<p>Hermosillo, Sonora; 4 de octubre de 2025.- El Congreso del Estado de Sonora llev\u00f3 a cabo este d\u00eda un di\u00e1logo informativo con integrantes del Frente Nacional por las 40 Horas Sonora, con el prop\u00f3sito de analizar y compartir puntos de vista en torno a la propuesta de reforma federal que plantea la reducci\u00f3n de la [&hellip;]<\/p>\n","protected":false},"author":2,"featured_media":231293,"comment_status":"closed","ping_status":"closed","sticky":false,"template":"","format":"standard","meta":{"footnotes":""},"categories":[12870,12868],"tags":[12865,12879],"class_list":["post-231292","post","type-post","status-publish","format-standard","has-post-thumbnail","hentry","category-destacadas","category-politica","tag-destacadas","tag-politica"],"jetpack_featured_media_url":"https:\/\/rnoticias.com.mx\/Portal\/wp-content\/uploads\/2025\/10\/3a34899d-8125-4d2a-a42c-0757ca2c37ec.jpeg","amp_enabled":true,"_links":{"self":[{"href":"https:\/\/rnoticias.com.mx\/Portal\/wp-json\/wp\/v2\/posts\/231292","targetHints":{"allow":["GET"]}}],"collection":[{"href":"https:\/\/rnoticias.com.mx\/Portal\/wp-json\/wp\/v2\/posts"}],"about":[{"href":"https:\/\/rnoticias.com.mx\/Portal\/wp-json\/wp\/v2\/types\/post"}],"author":[{"embeddable":true,"href":"https:\/\/rnoticias.com.mx\/Portal\/wp-json\/wp\/v2\/users\/2"}],"replies":[{"embeddable":true,"href":"https:\/\/rnoticias.com.mx\/Portal\/wp-json\/wp\/v2\/comments?post=231292"}],"version-history":[{"count":1,"href":"https:\/\/rnoticias.com.mx\/Portal\/wp-json\/wp\/v2\/posts\/231292\/revisions"}],"predecessor-version":[{"id":231294,"href":"https:\/\/rnoticias.com.mx\/Portal\/wp-json\/wp\/v2\/posts\/231292\/revisions\/231294"}],"wp:featuredmedia":[{"embeddable":true,"href":"https:\/\/rnoticias.com.mx\/Portal\/wp-json\/wp\/v2\/media\/231293"}],"wp:attachment":[{"href":"https:\/\/rnoticias.com.mx\/Portal\/wp-json\/wp\/v2\/media?parent=231292"}],"wp:term":[{"taxonomy":"category","embeddable":true,"href":"https:\/\/rnoticias.com.mx\/Portal\/wp-json\/wp\/v2\/categories?post=231292"},{"taxonomy":"post_tag","embeddable":true,"href":"https:\/\/rnoticias.com.mx\/Portal\/wp-json\/wp\/v2\/tags?post=231292"}],"curies":[{"name":"wp","href":"https:\/\/api.w.org\/{rel}","templated":true}]}}