{"id":231286,"date":"2025-10-04T12:18:27","date_gmt":"2025-10-04T19:18:27","guid":{"rendered":"https:\/\/rnoticias.com.mx\/Portal\/?p=231286"},"modified":"2025-10-04T12:18:27","modified_gmt":"2025-10-04T19:18:27","slug":"sebastian-yatra-inaugura-las-fiestas-de-octubre-con-concierto-lleno-de-energia-y-emociones","status":"publish","type":"post","link":"https:\/\/rnoticias.com.mx\/Portal\/2025\/10\/04\/sebastian-yatra-inaugura-las-fiestas-de-octubre-con-concierto-lleno-de-energia-y-emociones\/","title":{"rendered":"Sebasti\u00e1n Yatra inaugura las Fiestas de Octubre con concierto lleno de energ\u00eda y emociones"},"content":{"rendered":"<p>La noche del viernes,\u00a0<strong>Sebasti\u00e1n Yatra encendi\u00f3 el foro principal del Auditorio Benito Ju\u00e1rez\u00a0<\/strong>al inaugurar la edici\u00f3n 2025 de las Fiestas de Octubre. Con su\u00a0<strong>Entre Tanta Gente Tour<\/strong>, el artista colombiano ofreci\u00f3 un espect\u00e1culo vibrante ante un recinto pr\u00e1cticamente lleno, donde miles de fan\u00e1ticas corearon cada canci\u00f3n y celebraron su regreso a Guadalajara.<\/p>\n<p>El concierto arranc\u00f3 minutos despu\u00e9s de las 20:00 horas con una introducci\u00f3n audiovisual que dio paso a los primeros acordes de \u201cMilagro\u201d, \u201cLienzo\u201d y \u201cTacones Rojos\u201d.\u00a0<strong>Desde el inicio, Yatra se adue\u00f1\u00f3 del escenario con su energ\u00eda caracter\u00edstica<\/strong>, recorri\u00e9ndolo de punta a punta mientras ped\u00eda al p\u00fablico que no se quedara quieto. \u201cNo te quiero ver sentado, te necesito de pie. \u00bfCu\u00e1l es el pa\u00eds m\u00e1s ching\u00f3n del mundo?\u201d, grit\u00f3 entre saltos, desatando la euforia del auditorio.<\/p>\n<p><strong>Ataviado con un atuendo relajado\u00a0<\/strong>\u2014pantal\u00f3n corto, camiseta clara y camisa ligera\u2014,\u00a0<strong>el cantante se mostr\u00f3 cercano y espont\u00e1neo durante todo el show.\u00a0<\/strong>Su carisma bast\u00f3\u00a0para mantener al p\u00fablico conectado en cada momento, aunque tampoco faltaron los gui\u00f1os de complicidad. \u201cEsta va dedicada a esas personas que van a regresar con su ex\u201d, dijo antes de cantar \u201cDisco Rayado\u201d, arrancando risas y gritos entre los asistentes.<\/p>\n<p>M\u00e1s adelante, introdujo \u201cOjos Marrones\u201d con un mensaje de introspecci\u00f3n. \u201cSeguimos con las canciones extra\u00f1as que le hablan al coraz\u00f3n. Al principio son heridas y pensamos que nos van a matar, pero despu\u00e9s solo son cicatrices\u201d. La mezcla de sensibilidad y ritmo defini\u00f3 la noche, donde temas como \u201cSutra\u201d, \u201cTraicionera\u201d y \u201cSuena el Dembow\u201d llevaron el \u00e1nimo a su punto m\u00e1s alto, con un p\u00fablico que no dej\u00f3 de saltar ni de cantar.<\/p>\n<p>Uno de los momentos m\u00e1s divertidos lleg\u00f3 cuando Yatra pregunt\u00f3 con picard\u00eda:\u00a0\u201c\u00a1Quiero que levante la mano toda esa gente que vino sin novio o sin novia\u2026 porque yo tambi\u00e9n!\u201d.\u00a0La confesi\u00f3n provoc\u00f3 carcajadas y una ola de aplausos\u00a0<strong>antes de que interpretara \u201cYa No Tiene Novio\u201d.<\/strong><\/p>\n<p>En otro pasaje del concierto, el cantante baj\u00f3 la intensidad para hablar con sus fans. \u201cAcabo de comenzar esta gira y aqu\u00ed estamos de nuevo, con canciones nuevas y m\u00e1s unidos con ustedes. Me emocion\u00e9 mucho al salir a la tarima y verlos cantar y saltar. No dimensionamos todo lo que puede lograr la m\u00fasica\u201d, expres\u00f3 con visible emoci\u00f3n antes de cantar \u201cUn A\u00f1o\u201d.<\/p>\n<p><strong>El momento m\u00e1s emotivo de la noche lleg\u00f3 con el denominado \u201cMomento ETG\u201d, en el que Yatra interact\u00faa con un fan del p\u00fablico<\/strong>. El elegido fue Josua, un joven tapat\u00edo que comparti\u00f3 su historia de amor con Lizeth. \u201cTermin\u00e9 con mi ex hace un a\u00f1o, ella me tra\u00eda paz a mi vida, la sigo extra\u00f1ando\u201d, confes\u00f3 ante todos. El cantante lo invit\u00f3 al escenario y, juntos, dedicaron \u201cLos Domingos\u201d. \u201cEsta canci\u00f3n va para Lizeth, de parte de Josua y m\u00eda\u201d, anunci\u00f3 Yatra mientras la multitud estallaba en aplausos.<\/p>\n<p>La recta final mantuvo la emoci\u00f3n en alto con \u201cCristina\u201d, \u201cLa Pelirroja\u201d, \u201cVuelve\u201d y \u201cPar\u00eds\u201d. Antes de interpretar \u201cPor Perro\u201d, Yatra se dirigi\u00f3 nuevamente a su p\u00fablico.\u00a0\u201cSi terminaste una relaci\u00f3n, por lo que sea, la siguiente canci\u00f3n es la ideal para regresar\u201d.<\/p>\n<p><strong>Su mensaje se enlaz\u00f3 con \u201cCanci\u00f3n Para Regresar\u201d, sellando un bloque rom\u00e1ntico antes de desatar la fiesta<\/strong>\u00a0con \u201cEnerg\u00eda Bacana\u201d, \u201cPor Fin Te Encontr\u00e9\u201d, \u201cChica Ideal\u201d, \u201c2AM\u201d, \u201cRobarte un Beso\u201d y \u201cVagabundo\u201d.<\/p>\n","protected":false},"excerpt":{"rendered":"<p>La noche del viernes,\u00a0Sebasti\u00e1n Yatra encendi\u00f3 el foro principal del Auditorio Benito Ju\u00e1rez\u00a0al inaugurar la edici\u00f3n 2025 de las Fiestas de Octubre. Con su\u00a0Entre Tanta Gente Tour, el artista colombiano ofreci\u00f3 un espect\u00e1culo vibrante ante un recinto pr\u00e1cticamente lleno, donde miles de fan\u00e1ticas corearon cada canci\u00f3n y celebraron su regreso a Guadalajara. El concierto arranc\u00f3 [&hellip;]<\/p>\n","protected":false},"author":2,"featured_media":231287,"comment_status":"closed","ping_status":"closed","sticky":false,"template":"","format":"standard","meta":{"footnotes":""},"categories":[12870,219],"tags":[12865,12875],"class_list":["post-231286","post","type-post","status-publish","format-standard","has-post-thumbnail","hentry","category-destacadas","category-espectaculos","tag-destacadas","tag-espectaculos"],"jetpack_featured_media_url":"https:\/\/rnoticias.com.mx\/Portal\/wp-content\/uploads\/2025\/10\/AA1NQa82.jpeg","amp_enabled":true,"_links":{"self":[{"href":"https:\/\/rnoticias.com.mx\/Portal\/wp-json\/wp\/v2\/posts\/231286","targetHints":{"allow":["GET"]}}],"collection":[{"href":"https:\/\/rnoticias.com.mx\/Portal\/wp-json\/wp\/v2\/posts"}],"about":[{"href":"https:\/\/rnoticias.com.mx\/Portal\/wp-json\/wp\/v2\/types\/post"}],"author":[{"embeddable":true,"href":"https:\/\/rnoticias.com.mx\/Portal\/wp-json\/wp\/v2\/users\/2"}],"replies":[{"embeddable":true,"href":"https:\/\/rnoticias.com.mx\/Portal\/wp-json\/wp\/v2\/comments?post=231286"}],"version-history":[{"count":1,"href":"https:\/\/rnoticias.com.mx\/Portal\/wp-json\/wp\/v2\/posts\/231286\/revisions"}],"predecessor-version":[{"id":231288,"href":"https:\/\/rnoticias.com.mx\/Portal\/wp-json\/wp\/v2\/posts\/231286\/revisions\/231288"}],"wp:featuredmedia":[{"embeddable":true,"href":"https:\/\/rnoticias.com.mx\/Portal\/wp-json\/wp\/v2\/media\/231287"}],"wp:attachment":[{"href":"https:\/\/rnoticias.com.mx\/Portal\/wp-json\/wp\/v2\/media?parent=231286"}],"wp:term":[{"taxonomy":"category","embeddable":true,"href":"https:\/\/rnoticias.com.mx\/Portal\/wp-json\/wp\/v2\/categories?post=231286"},{"taxonomy":"post_tag","embeddable":true,"href":"https:\/\/rnoticias.com.mx\/Portal\/wp-json\/wp\/v2\/tags?post=231286"}],"curies":[{"name":"wp","href":"https:\/\/api.w.org\/{rel}","templated":true}]}}