{"id":231283,"date":"2025-10-04T12:17:24","date_gmt":"2025-10-04T19:17:24","guid":{"rendered":"https:\/\/rnoticias.com.mx\/Portal\/?p=231283"},"modified":"2025-10-04T12:17:24","modified_gmt":"2025-10-04T19:17:24","slug":"avanzan-estudiantes-de-cobach-a-la-final-de-la-olimpiada-sonorense-de-quimica","status":"publish","type":"post","link":"https:\/\/rnoticias.com.mx\/Portal\/2025\/10\/04\/avanzan-estudiantes-de-cobach-a-la-final-de-la-olimpiada-sonorense-de-quimica\/","title":{"rendered":"Avanzan estudiantes de Cobach a la final de la Olimpiada Sonorense de Qu\u00edmica"},"content":{"rendered":"<p>Hermosillo, Sonora; 04 de octubre de 2025.- Con el impulso del Gobierno de Sonora en la participaci\u00f3n del alumnado en concursos para el fortalecimiento educativo, cinco estudiantes del Colegio de Bachilleres del Estado de Sonora (Cobach) avanzaron a la final de la Olimpiada Sonorense de Qu\u00edmica 2025.<\/p>\n<p>Stephanie Pineda Ca\u00f1edo y Joaqu\u00edn Emilio Rivas Menchaca (plantel Navojoa), Luna Azul Villegas Galaz (plantel Jos\u00e9 Mar\u00eda Maytorena Tapia de Guaymas), Luis Carlos L\u00f3pez Javalera (plantel Villa de Seris) y Santiago L\u00f3pez Mendoza (plantel Hermosillo 5) avanzaron en el proceso selectivo para integrar la delegaci\u00f3n sonorense que asistir\u00e1 a la Olimpiada Nacional de Qu\u00edmica 2025.<\/p>\n<p>El director general de Cobach, Rodrigo Arturo Rosas Burgos, resalt\u00f3 la importancia de la presencia del Colegio en competencias como \u00e9sta, convocada por la Academia Mexicana de Ciencias a trav\u00e9s de la Universidad de Sonora (Unison), en la que las y los j\u00f3venes dan muestra de la alta calidad de su formaci\u00f3n educativa.<\/p>\n<p>Expuso que representa un orgullo para la instituci\u00f3n que las alumnas y alumnos de Cobach hayan superado las diversas etapas del proceso, que incluy\u00f3 un examen preselectivo, un examen selectivo y diversos entrenamientos, como parte de la Olimpiada Sonorense de Qu\u00edmica para asistir a la 35 Olimpiada Nacional de Qu\u00edmica.<\/p>\n<p>El concurso tiene como objetivo difundir y fomentar el inter\u00e9s por la qu\u00edmica entre estudiantes de nivel medio superior y seleccionar a quienes representar\u00e1n a Sonora en la etapa nacional.<\/p>\n<p>La delegaci\u00f3n sonorense se conformar\u00e1 con cuatro integrantes, a m\u00e1s tardar en octubre, luego de las pruebas y entrenamientos experimentales que se llevar\u00e1n a cabo de manera presencial en las instalaciones del Departamento de Ciencias Qu\u00edmico-Biol\u00f3gicas de la Unison, campus Hermosillo.<\/p>\n","protected":false},"excerpt":{"rendered":"<p>Hermosillo, Sonora; 04 de octubre de 2025.- Con el impulso del Gobierno de Sonora en la participaci\u00f3n del alumnado en concursos para el fortalecimiento educativo, cinco estudiantes del Colegio de Bachilleres del Estado de Sonora (Cobach) avanzaron a la final de la Olimpiada Sonorense de Qu\u00edmica 2025. Stephanie Pineda Ca\u00f1edo y Joaqu\u00edn Emilio Rivas Menchaca [&hellip;]<\/p>\n","protected":false},"author":2,"featured_media":231284,"comment_status":"closed","ping_status":"closed","sticky":false,"template":"","format":"standard","meta":{"footnotes":""},"categories":[12870,178],"tags":[12865,12869],"class_list":["post-231283","post","type-post","status-publish","format-standard","has-post-thumbnail","hentry","category-destacadas","category-local","tag-destacadas","tag-local"],"jetpack_featured_media_url":"https:\/\/rnoticias.com.mx\/Portal\/wp-content\/uploads\/2025\/10\/532.jpg","amp_enabled":true,"_links":{"self":[{"href":"https:\/\/rnoticias.com.mx\/Portal\/wp-json\/wp\/v2\/posts\/231283","targetHints":{"allow":["GET"]}}],"collection":[{"href":"https:\/\/rnoticias.com.mx\/Portal\/wp-json\/wp\/v2\/posts"}],"about":[{"href":"https:\/\/rnoticias.com.mx\/Portal\/wp-json\/wp\/v2\/types\/post"}],"author":[{"embeddable":true,"href":"https:\/\/rnoticias.com.mx\/Portal\/wp-json\/wp\/v2\/users\/2"}],"replies":[{"embeddable":true,"href":"https:\/\/rnoticias.com.mx\/Portal\/wp-json\/wp\/v2\/comments?post=231283"}],"version-history":[{"count":1,"href":"https:\/\/rnoticias.com.mx\/Portal\/wp-json\/wp\/v2\/posts\/231283\/revisions"}],"predecessor-version":[{"id":231285,"href":"https:\/\/rnoticias.com.mx\/Portal\/wp-json\/wp\/v2\/posts\/231283\/revisions\/231285"}],"wp:featuredmedia":[{"embeddable":true,"href":"https:\/\/rnoticias.com.mx\/Portal\/wp-json\/wp\/v2\/media\/231284"}],"wp:attachment":[{"href":"https:\/\/rnoticias.com.mx\/Portal\/wp-json\/wp\/v2\/media?parent=231283"}],"wp:term":[{"taxonomy":"category","embeddable":true,"href":"https:\/\/rnoticias.com.mx\/Portal\/wp-json\/wp\/v2\/categories?post=231283"},{"taxonomy":"post_tag","embeddable":true,"href":"https:\/\/rnoticias.com.mx\/Portal\/wp-json\/wp\/v2\/tags?post=231283"}],"curies":[{"name":"wp","href":"https:\/\/api.w.org\/{rel}","templated":true}]}}