{"id":231279,"date":"2025-10-04T12:14:55","date_gmt":"2025-10-04T19:14:55","guid":{"rendered":"https:\/\/rnoticias.com.mx\/Portal\/?p=231279"},"modified":"2025-10-04T12:14:55","modified_gmt":"2025-10-04T19:14:55","slug":"capacita-personal-especializado-salva-del-gobierno-de-sonora-a-policias-estatales","status":"publish","type":"post","link":"https:\/\/rnoticias.com.mx\/Portal\/2025\/10\/04\/capacita-personal-especializado-salva-del-gobierno-de-sonora-a-policias-estatales\/","title":{"rendered":"Capacita personal especializado SALVA del Gobierno de Sonora a Polic\u00edas Estatales"},"content":{"rendered":"<p>Hermosillo, Sonora; 04 de octubre de 2025.- Fortalece Gobierno de Sonora capacitaci\u00f3n para atenci\u00f3n de los llamados de emergencia por violencia familiar y el seguimiento de los informes policiales, por personal especializado del Sistema de Atenci\u00f3n a la Violencia Familiar y de G\u00e9nero (SALVA) de la Secretar\u00eda de Seguridad P\u00fablica (SSP) del Gobierno de Sonora.<\/p>\n<p>Elementos de la Polic\u00eda Estatal de Seguridad P\u00fablica (PESP) concluyeron la capacitaci\u00f3n sobre el sistema SALVA y la correcta integraci\u00f3n del Informe Policial Homologado (IPH) con perspectiva de g\u00e9nero, en las instalaciones del Centro de Control, Comando, Comunicaci\u00f3n, C\u00f3mputo, Coordinaci\u00f3n e Inteligencia (C5i).<\/p>\n<p>El curso brinda a los primeros respondientes reforzar las herramientas y conocimientos necesarios para actuar de manera profesional, sensible y apegada a los derechos humanos de las v\u00edctimas, desde el momento de la atenci\u00f3n inicial hasta la correcta documentaci\u00f3n de los hechos.<\/p>\n<p>La corporaci\u00f3n continuar\u00e1 la profesionalizaci\u00f3n del personal para contar con herramientas y habilidades que permitan atender oportunamente y salvaguardar la seguridad ciudadana.<\/p>\n","protected":false},"excerpt":{"rendered":"<p>Hermosillo, Sonora; 04 de octubre de 2025.- Fortalece Gobierno de Sonora capacitaci\u00f3n para atenci\u00f3n de los llamados de emergencia por violencia familiar y el seguimiento de los informes policiales, por personal especializado del Sistema de Atenci\u00f3n a la Violencia Familiar y de G\u00e9nero (SALVA) de la Secretar\u00eda de Seguridad P\u00fablica (SSP) del Gobierno de Sonora. [&hellip;]<\/p>\n","protected":false},"author":2,"featured_media":231280,"comment_status":"closed","ping_status":"closed","sticky":false,"template":"","format":"standard","meta":{"footnotes":""},"categories":[178],"tags":[12869],"class_list":["post-231279","post","type-post","status-publish","format-standard","has-post-thumbnail","hentry","category-local","tag-local"],"jetpack_featured_media_url":"https:\/\/rnoticias.com.mx\/Portal\/wp-content\/uploads\/2025\/10\/55.jpg","amp_enabled":true,"_links":{"self":[{"href":"https:\/\/rnoticias.com.mx\/Portal\/wp-json\/wp\/v2\/posts\/231279","targetHints":{"allow":["GET"]}}],"collection":[{"href":"https:\/\/rnoticias.com.mx\/Portal\/wp-json\/wp\/v2\/posts"}],"about":[{"href":"https:\/\/rnoticias.com.mx\/Portal\/wp-json\/wp\/v2\/types\/post"}],"author":[{"embeddable":true,"href":"https:\/\/rnoticias.com.mx\/Portal\/wp-json\/wp\/v2\/users\/2"}],"replies":[{"embeddable":true,"href":"https:\/\/rnoticias.com.mx\/Portal\/wp-json\/wp\/v2\/comments?post=231279"}],"version-history":[{"count":1,"href":"https:\/\/rnoticias.com.mx\/Portal\/wp-json\/wp\/v2\/posts\/231279\/revisions"}],"predecessor-version":[{"id":231282,"href":"https:\/\/rnoticias.com.mx\/Portal\/wp-json\/wp\/v2\/posts\/231279\/revisions\/231282"}],"wp:featuredmedia":[{"embeddable":true,"href":"https:\/\/rnoticias.com.mx\/Portal\/wp-json\/wp\/v2\/media\/231280"}],"wp:attachment":[{"href":"https:\/\/rnoticias.com.mx\/Portal\/wp-json\/wp\/v2\/media?parent=231279"}],"wp:term":[{"taxonomy":"category","embeddable":true,"href":"https:\/\/rnoticias.com.mx\/Portal\/wp-json\/wp\/v2\/categories?post=231279"},{"taxonomy":"post_tag","embeddable":true,"href":"https:\/\/rnoticias.com.mx\/Portal\/wp-json\/wp\/v2\/tags?post=231279"}],"curies":[{"name":"wp","href":"https:\/\/api.w.org\/{rel}","templated":true}]}}