{"id":231255,"date":"2025-10-04T11:05:14","date_gmt":"2025-10-04T18:05:14","guid":{"rendered":"https:\/\/rnoticias.com.mx\/Portal\/?p=231255"},"modified":"2025-10-04T11:05:14","modified_gmt":"2025-10-04T18:05:14","slug":"muere-edu-autor-de-la-rabona-ante-chivas","status":"publish","type":"post","link":"https:\/\/rnoticias.com.mx\/Portal\/2025\/10\/04\/muere-edu-autor-de-la-rabona-ante-chivas\/","title":{"rendered":"Muere Ed\u00fa, autor de la \u2018rabona\u2019 ante Chivas"},"content":{"rendered":"<p><strong>Ciudad de M\u00e9xico.-<\/strong><br \/>\nEste viernes, \u00c1guilas del Am\u00e9rica anunci\u00f3 el sensible fallecimiento de Eduardo Ant\u00f4nio dos Santos \u201cEd\u00fa\u201d, uno de sus hist\u00f3rico en la d\u00e9cada de los 90.<\/p>\n<p>\u201cEl Club Am\u00e9rica lamenta el sensible fallecimiento de Eduardo Antonio Dos Santos \u201cEdu\u201d, leyenda del Club. Expresemos nuestras m\u00e1s sentidas condolencias y nos unimos a la pena que embarga a familiares y amigos. Q. E. P. D.\u201d, manifest\u00f3 el cuadro de Coapa.<\/p>\n<p>Luis Roberto Alves \u2018Zague\u2019, leyenda absoluta de las \u00c1guilas, tambi\u00e9n escribi\u00f3 unas palabras para el futbolista brasile\u00f1o, quien falleci\u00f3 a los 58 a\u00f1os; se desconoce la causa de su deceso.<\/p>\n<p>\u201cNoticias que uno nunca quisiera recibirlas y como consecuencia comentarlas\u2026 Noticia que genera mucha tristeza y dolor. Hoy se nos adelant\u00f3 Eduardo Antonio dos Santos, el gran Edu (QEPD ) Crack, compa\u00f1ero de much\u00edsimas batallas, gran ser humano. Vuela alto querido \u201cnen\u00ea\u201d, como lo hiciste siempre de futbolista. Mi m\u00e1s sentido p\u00e9same a toda su familia\u201d, escribi\u00f3 en su cuenta de X el m\u00e1ximo anotador de los emplumados.<\/p>\n<p>El Palmeiras, club donde se convirti\u00f3 en leyenda y un aut\u00e9ntico \u00eddolo, tambi\u00e9n homenaje\u00f3 al hist\u00f3rico brasile\u00f1o que brill\u00f3 en el Am\u00e9rica entre 1989 y 1992.<\/p>\n<p>\u201cCon profunda tristeza, recibimos la noticia del fallecimiento, a los 58 a\u00f1os, de Edu Manga, \u00eddolo de la afici\u00f3n del Palmeiras en la d\u00e9cada de 1980. Formado en las categor\u00edas inferiores del club, en el que jug\u00f3 profesionalmente de 1985 a 1989, el centrocampista marc\u00f3 44 goles en 188 partidos vistiendo la camiseta verde y blanca y acumul\u00f3 convocatorias a la Selecci\u00f3n Brasile\u00f1a. \u00a1Descansa en paz, estrella!\u201d, escribi\u00f3 el Verdao.<\/p>\n<p>El gol que para muchos fue el m\u00e1s hermoso en la historia de los Cl\u00e1sicos de M\u00e9xico fue en la Semifinales de la temporada 90-91 y Edu fue parte de esa genialidad.<\/p>\n<p>El crack brasile\u00f1o meti\u00f3 un centro de primera al coraz\u00f3n del \u00e1rea, pero la asistencia fue con una impecable \u201crabona\u201d. Como con la mano, para que rematara de cabeza Toninho, otro brasile\u00f1o.<\/p>\n<p>Suspendido en el aire, el \u201cB\u00edblico\u201d cabece\u00f3 al fondo de la red para dejar una estampa que a la fecha sigue siendo insuperable en la historia de los Am\u00e9rica vs Chivas.<\/p>\n","protected":false},"excerpt":{"rendered":"<p>Ciudad de M\u00e9xico.- Este viernes, \u00c1guilas del Am\u00e9rica anunci\u00f3 el sensible fallecimiento de Eduardo Ant\u00f4nio dos Santos \u201cEd\u00fa\u201d, uno de sus hist\u00f3rico en la d\u00e9cada de los 90. \u201cEl Club Am\u00e9rica lamenta el sensible fallecimiento de Eduardo Antonio Dos Santos \u201cEdu\u201d, leyenda del Club. Expresemos nuestras m\u00e1s sentidas condolencias y nos unimos a la pena [&hellip;]<\/p>\n","protected":false},"author":2,"featured_media":231256,"comment_status":"closed","ping_status":"closed","sticky":false,"template":"","format":"standard","meta":{"footnotes":""},"categories":[188,12870],"tags":[5231,12865],"class_list":["post-231255","post","type-post","status-publish","format-standard","has-post-thumbnail","hentry","category-deportes","category-destacadas","tag-deportes","tag-destacadas"],"jetpack_featured_media_url":"https:\/\/rnoticias.com.mx\/Portal\/wp-content\/uploads\/2025\/10\/EDU-700x375-1.jpg","amp_enabled":true,"_links":{"self":[{"href":"https:\/\/rnoticias.com.mx\/Portal\/wp-json\/wp\/v2\/posts\/231255","targetHints":{"allow":["GET"]}}],"collection":[{"href":"https:\/\/rnoticias.com.mx\/Portal\/wp-json\/wp\/v2\/posts"}],"about":[{"href":"https:\/\/rnoticias.com.mx\/Portal\/wp-json\/wp\/v2\/types\/post"}],"author":[{"embeddable":true,"href":"https:\/\/rnoticias.com.mx\/Portal\/wp-json\/wp\/v2\/users\/2"}],"replies":[{"embeddable":true,"href":"https:\/\/rnoticias.com.mx\/Portal\/wp-json\/wp\/v2\/comments?post=231255"}],"version-history":[{"count":1,"href":"https:\/\/rnoticias.com.mx\/Portal\/wp-json\/wp\/v2\/posts\/231255\/revisions"}],"predecessor-version":[{"id":231257,"href":"https:\/\/rnoticias.com.mx\/Portal\/wp-json\/wp\/v2\/posts\/231255\/revisions\/231257"}],"wp:featuredmedia":[{"embeddable":true,"href":"https:\/\/rnoticias.com.mx\/Portal\/wp-json\/wp\/v2\/media\/231256"}],"wp:attachment":[{"href":"https:\/\/rnoticias.com.mx\/Portal\/wp-json\/wp\/v2\/media?parent=231255"}],"wp:term":[{"taxonomy":"category","embeddable":true,"href":"https:\/\/rnoticias.com.mx\/Portal\/wp-json\/wp\/v2\/categories?post=231255"},{"taxonomy":"post_tag","embeddable":true,"href":"https:\/\/rnoticias.com.mx\/Portal\/wp-json\/wp\/v2\/tags?post=231255"}],"curies":[{"name":"wp","href":"https:\/\/api.w.org\/{rel}","templated":true}]}}