{"id":231252,"date":"2025-10-04T10:52:23","date_gmt":"2025-10-04T17:52:23","guid":{"rendered":"https:\/\/rnoticias.com.mx\/Portal\/?p=231252"},"modified":"2025-10-04T10:52:23","modified_gmt":"2025-10-04T17:52:23","slug":"realizaran-este-domingo-jornada-informativa-sobre-derechos-humanos-y-laborales-en-el-poblado-miguel-aleman","status":"publish","type":"post","link":"https:\/\/rnoticias.com.mx\/Portal\/2025\/10\/04\/realizaran-este-domingo-jornada-informativa-sobre-derechos-humanos-y-laborales-en-el-poblado-miguel-aleman\/","title":{"rendered":"Realizar\u00e1n este domingo jornada informativa sobre derechos humanos y laborales en el Poblado Miguel Alem\u00e1n"},"content":{"rendered":"<p>Hermosillo, Sonora. Con el prop\u00f3sito de difundir y promover los derechos humanos y laborales de las personas trabajadoras del campo, la Red Nacional de Jornaleros y Jornaleras Agr\u00edcolas llevar\u00e1 a cabo una jornada informativa este domingo 5 de octubre en el Poblado Miguel Alem\u00e1n, municipio de Hermosillo.<\/p>\n<p>&nbsp;<\/p>\n<p>El soci\u00f3logo Jos\u00e9 Eduardo Calvario, indic\u00f3 que la actividad se desarrollar\u00e1 a partir de las 9:30 de la ma\u00f1ana en la cancha San Juan Copala, ubicada en la avenida Jos\u00e9 Mar\u00eda Morelos, entre Ignacio Allende y Trinidad S\u00e1nchez Leyva, donde se ofrecer\u00e1n charlas, asesor\u00edas y orientaci\u00f3n sobre diversos programas de gobierno dirigidos al sector agr\u00edcola.<\/p>\n<p>&nbsp;<\/p>\n<p>\u201cEn esta jornada participar\u00e1n instituciones de los tres niveles de gobierno: la Secretar\u00eda del Trabajo, la Secretar\u00eda de las Mujeres, la Secretar\u00eda de Salud y el Instituto Sonorense de Educaci\u00f3n para los Adultos (ISEA) por parte del Gobierno del Estado; a nivel federal estar\u00e1 presente el Consejo Nacional de Fomento Educativo (CONAFE), y de manera aut\u00f3noma se suma la Comisi\u00f3n Estatal de Derechos Humanos (CEDH)\u201d, coment\u00f3.<\/p>\n<p>&nbsp;<\/p>\n<p>A\u00f1adi\u00f3, que el evento busca acercar informaci\u00f3n \u00fatil a la comunidad jornalera que labora en la regi\u00f3n costera de Hermosillo, con el objetivo de fortalecer el conocimiento de sus derechos, mejorar sus condiciones laborales y fomentar una cultura de respeto, equidad y bienestar integral entre las familias trabajadoras del campo.<\/p>\n<p>&nbsp;<\/p>\n<p>Bajo el lema \u201c\u00a1Ven y conoce tus derechos!\u201d, la Red Nacional de Jornaleros y Jornaleras Agr\u00edcolas invita a todas las personas interesadas a participar y aprovechar los servicios, asesor\u00edas y programas que estar\u00e1n disponibles durante la jornada.<\/p>\n<p>&nbsp;<\/p>\n","protected":false},"excerpt":{"rendered":"<p>Hermosillo, Sonora. Con el prop\u00f3sito de difundir y promover los derechos humanos y laborales de las personas trabajadoras del campo, la Red Nacional de Jornaleros y Jornaleras Agr\u00edcolas llevar\u00e1 a cabo una jornada informativa este domingo 5 de octubre en el Poblado Miguel Alem\u00e1n, municipio de Hermosillo. &nbsp; El soci\u00f3logo Jos\u00e9 Eduardo Calvario, indic\u00f3 que [&hellip;]<\/p>\n","protected":false},"author":2,"featured_media":231253,"comment_status":"closed","ping_status":"closed","sticky":false,"template":"","format":"standard","meta":{"footnotes":""},"categories":[12870,178],"tags":[12865,12869],"class_list":["post-231252","post","type-post","status-publish","format-standard","has-post-thumbnail","hentry","category-destacadas","category-local","tag-destacadas","tag-local"],"jetpack_featured_media_url":"https:\/\/rnoticias.com.mx\/Portal\/wp-content\/uploads\/2025\/10\/f5eb7490-29c0-41fd-828b-70622b317cea.jpeg","amp_enabled":true,"_links":{"self":[{"href":"https:\/\/rnoticias.com.mx\/Portal\/wp-json\/wp\/v2\/posts\/231252","targetHints":{"allow":["GET"]}}],"collection":[{"href":"https:\/\/rnoticias.com.mx\/Portal\/wp-json\/wp\/v2\/posts"}],"about":[{"href":"https:\/\/rnoticias.com.mx\/Portal\/wp-json\/wp\/v2\/types\/post"}],"author":[{"embeddable":true,"href":"https:\/\/rnoticias.com.mx\/Portal\/wp-json\/wp\/v2\/users\/2"}],"replies":[{"embeddable":true,"href":"https:\/\/rnoticias.com.mx\/Portal\/wp-json\/wp\/v2\/comments?post=231252"}],"version-history":[{"count":1,"href":"https:\/\/rnoticias.com.mx\/Portal\/wp-json\/wp\/v2\/posts\/231252\/revisions"}],"predecessor-version":[{"id":231254,"href":"https:\/\/rnoticias.com.mx\/Portal\/wp-json\/wp\/v2\/posts\/231252\/revisions\/231254"}],"wp:featuredmedia":[{"embeddable":true,"href":"https:\/\/rnoticias.com.mx\/Portal\/wp-json\/wp\/v2\/media\/231253"}],"wp:attachment":[{"href":"https:\/\/rnoticias.com.mx\/Portal\/wp-json\/wp\/v2\/media?parent=231252"}],"wp:term":[{"taxonomy":"category","embeddable":true,"href":"https:\/\/rnoticias.com.mx\/Portal\/wp-json\/wp\/v2\/categories?post=231252"},{"taxonomy":"post_tag","embeddable":true,"href":"https:\/\/rnoticias.com.mx\/Portal\/wp-json\/wp\/v2\/tags?post=231252"}],"curies":[{"name":"wp","href":"https:\/\/api.w.org\/{rel}","templated":true}]}}