{"id":231247,"date":"2025-10-03T18:29:04","date_gmt":"2025-10-04T01:29:04","guid":{"rendered":"https:\/\/rnoticias.com.mx\/Portal\/?p=231247"},"modified":"2025-10-03T18:29:04","modified_gmt":"2025-10-04T01:29:04","slug":"premia-gobierno-de-sonora-a-ganadores-estatales-del-48-concurso-nacional-de-pintura-infantil-la-ninez-y-la-mar-sec","status":"publish","type":"post","link":"https:\/\/rnoticias.com.mx\/Portal\/2025\/10\/03\/premia-gobierno-de-sonora-a-ganadores-estatales-del-48-concurso-nacional-de-pintura-infantil-la-ninez-y-la-mar-sec\/","title":{"rendered":"Premia Gobierno de Sonora a ganadores estatales del 48 Concurso Nacional de Pintura Infantil &#8220;La Ni\u00f1ez y La Mar &#8220;: SEC"},"content":{"rendered":"<p>Hermosillo, Sonora; 3 de octubre de 2025.- Por su gran esfuerzo, creatividad y talento al plasmar su visi\u00f3n sobre el cuidado del oc\u00e9ano y la importancia de la conciencia ecol\u00f3gica mar\u00edtima, el Gobierno de Sonora, a trav\u00e9s de la Secretar\u00eda de Educaci\u00f3n y Cultura (SEC) reconoci\u00f3 a los tres primeros lugares estatales del 48 Concurso Nacional de Pintura Infantil &#8220;La Ni\u00f1ez y La Mar&#8221;.<\/p>\n<p>Previamente, la Secretar\u00eda de Marina-Armada de M\u00e9xico, en coordinaci\u00f3n con las autoridades educativas estatales, invit\u00f3 a las ni\u00f1as y ni\u00f1os del pa\u00eds a demostrar su creatividad a trav\u00e9s de un dibujo o pintura por medio de este importante concurso al que fueron convocados miles de estudiantes de 6 a 12 a\u00f1os en la entidad.<\/p>\n<p>El titular de la SEC, Froyl\u00e1n G\u00e1mez Gamboa, destac\u00f3 que las tres ganadoras estatales son un talento que inspira a la ni\u00f1ez sonorense por lo que las alent\u00f3 a continuar pintando, so\u00f1ando y record\u00e1ndole a la sociedad, con su arte, la importancia de cuidar el planeta.<\/p>\n<p>Haciendo uso de acuarelas, crayones, \u00f3leo, gises, plumones o pincelines en papel ilustraci\u00f3n, cartulina, cascar\u00f3n o cartoncillo, 258 menores de diversos municipios de la entidad lograron llegar a la etapa estatal, de la cual se seleccionaron los tres primeros lugares.<\/p>\n<p>Los ganadores de cada estado fueron definidos conforme a las bases de la convocatoria nacional, adem\u00e1s de destacar por el esfuerzo, creatividad y talento al plasmar su imaginaci\u00f3n entorno al mar y sus elementos.<\/p>\n<p>La difusi\u00f3n de la convocatoria se realiz\u00f3 a trav\u00e9s de la estructura educativa, con el apoyo de directivos y docentes, quienes promovieron entre la ni\u00f1ez sonorense la realizaci\u00f3n de una pintura o dibujo para fomentar el amor y cuidado del entorno marino.<\/p>\n<p>*Ganadores 2025*:<\/p>\n<p>\u2022 *Primer lugar*: Kimbra Camarena Mart\u00ednez, Caborca. T\u00edtulo: \u201cEl cielo cuida lo que el mundo olvida\u201d.<\/p>\n<p>\u2022 *Segundo lugar*: Victoria Anah\u00ed Carraza Villela, \u00cdmuris. T\u00edtulo: \u201cCuidando la vida marina\u201d.<\/p>\n<p>\u2022 *Tercer lugar*: Danna Michelle Vidal Mendoza, Hermosillo. T\u00edtulo: \u201cEl poder de los ni\u00f1os\u201d.<\/p>\n","protected":false},"excerpt":{"rendered":"<p>Hermosillo, Sonora; 3 de octubre de 2025.- Por su gran esfuerzo, creatividad y talento al plasmar su visi\u00f3n sobre el cuidado del oc\u00e9ano y la importancia de la conciencia ecol\u00f3gica mar\u00edtima, el Gobierno de Sonora, a trav\u00e9s de la Secretar\u00eda de Educaci\u00f3n y Cultura (SEC) reconoci\u00f3 a los tres primeros lugares estatales del 48 Concurso [&hellip;]<\/p>\n","protected":false},"author":2,"featured_media":231248,"comment_status":"closed","ping_status":"closed","sticky":false,"template":"","format":"standard","meta":{"footnotes":""},"categories":[178],"tags":[12869],"class_list":["post-231247","post","type-post","status-publish","format-standard","has-post-thumbnail","hentry","category-local","tag-local"],"jetpack_featured_media_url":"https:\/\/rnoticias.com.mx\/Portal\/wp-content\/uploads\/2025\/10\/721.jpg","amp_enabled":true,"_links":{"self":[{"href":"https:\/\/rnoticias.com.mx\/Portal\/wp-json\/wp\/v2\/posts\/231247","targetHints":{"allow":["GET"]}}],"collection":[{"href":"https:\/\/rnoticias.com.mx\/Portal\/wp-json\/wp\/v2\/posts"}],"about":[{"href":"https:\/\/rnoticias.com.mx\/Portal\/wp-json\/wp\/v2\/types\/post"}],"author":[{"embeddable":true,"href":"https:\/\/rnoticias.com.mx\/Portal\/wp-json\/wp\/v2\/users\/2"}],"replies":[{"embeddable":true,"href":"https:\/\/rnoticias.com.mx\/Portal\/wp-json\/wp\/v2\/comments?post=231247"}],"version-history":[{"count":1,"href":"https:\/\/rnoticias.com.mx\/Portal\/wp-json\/wp\/v2\/posts\/231247\/revisions"}],"predecessor-version":[{"id":231249,"href":"https:\/\/rnoticias.com.mx\/Portal\/wp-json\/wp\/v2\/posts\/231247\/revisions\/231249"}],"wp:featuredmedia":[{"embeddable":true,"href":"https:\/\/rnoticias.com.mx\/Portal\/wp-json\/wp\/v2\/media\/231248"}],"wp:attachment":[{"href":"https:\/\/rnoticias.com.mx\/Portal\/wp-json\/wp\/v2\/media?parent=231247"}],"wp:term":[{"taxonomy":"category","embeddable":true,"href":"https:\/\/rnoticias.com.mx\/Portal\/wp-json\/wp\/v2\/categories?post=231247"},{"taxonomy":"post_tag","embeddable":true,"href":"https:\/\/rnoticias.com.mx\/Portal\/wp-json\/wp\/v2\/tags?post=231247"}],"curies":[{"name":"wp","href":"https:\/\/api.w.org\/{rel}","templated":true}]}}