{"id":231238,"date":"2025-10-03T18:26:32","date_gmt":"2025-10-04T01:26:32","guid":{"rendered":"https:\/\/rnoticias.com.mx\/Portal\/?p=231238"},"modified":"2025-10-03T18:26:32","modified_gmt":"2025-10-04T01:26:32","slug":"establece-gobierno-de-sonora-alianzas-estrategicas-para-fortalecer-la-investigacion-cientifica-y-tecnologica-itescan","status":"publish","type":"post","link":"https:\/\/rnoticias.com.mx\/Portal\/2025\/10\/03\/establece-gobierno-de-sonora-alianzas-estrategicas-para-fortalecer-la-investigacion-cientifica-y-tecnologica-itescan\/","title":{"rendered":"Establece Gobierno de Sonora alianzas estrat\u00e9gicas para fortalecer la investigaci\u00f3n cient\u00edfica y tecnol\u00f3gica: Itescan"},"content":{"rendered":"<p>Puebla, Puebla; 3 de octubre de 2025.- Con el objetivo de fortalecer la investigaci\u00f3n cient\u00edfica y tecnol\u00f3gica en la entidad, el Gobierno de Sonora, a trav\u00e9s del Instituto Tecnol\u00f3gico Superior de Cananea (Itescan) estableci\u00f3 una alianza de colaboraci\u00f3n con el Instituto Nacional de Astrof\u00edsica, \u00d3ptica y Electr\u00f3nica (INAOE).<\/p>\n<p>La directora general del Itescan, Nancy Mar\u00eda D\u00e1vila Rodr\u00edguez y el director general del INAOE Juli\u00e1n David S\u00e1nchez de la Llave, firmaron el documento para establecer las bases para proyectos de investigaci\u00f3n conjunta, capacitaci\u00f3n y fortalecimiento del quehacer cient\u00edfico y tecnol\u00f3gico en \u00e1reas de inter\u00e9s mutuo.<\/p>\n<p>Como parte de esta colaboraci\u00f3n, investigadores del Itescan desarrollan el proyecto \u2018\u2019Caracterizaci\u00f3n fotom\u00e9trica y espectrosc\u00f3pica de asteroides de la regi\u00f3n interna del cintur\u00f3n principal (MBAs) y asteroides cercanos a la Tierra (NEAs)\u2019\u2019, a cargo de la Dra. Silvia Vel\u00e1squez, Ing. Jes\u00fas Vega, Mtro. Iv\u00e1n Molina y Mtra. Mar\u00eda de Jes\u00fas Maldonado.<\/p>\n<p>La agenda de trabajo incluy\u00f3 una visita al Gran Telescopio Milim\u00e9trico Alfonso Serrano, el m\u00e1s grande del mundo en su tipo, reafirmando el compromiso de ambas instituciones con el desarrollo de la ciencia en M\u00e9xico.<\/p>\n<p>El INAOE es un centro p\u00fablico de investigaci\u00f3n de la Secretar\u00eda de Ciencia, Humanidades, Tecnolog\u00eda e Innovaci\u00f3n (Secihti), con gran prestigio y tradici\u00f3n cient\u00edfica que data de 1942.<\/p>\n","protected":false},"excerpt":{"rendered":"<p>Puebla, Puebla; 3 de octubre de 2025.- Con el objetivo de fortalecer la investigaci\u00f3n cient\u00edfica y tecnol\u00f3gica en la entidad, el Gobierno de Sonora, a trav\u00e9s del Instituto Tecnol\u00f3gico Superior de Cananea (Itescan) estableci\u00f3 una alianza de colaboraci\u00f3n con el Instituto Nacional de Astrof\u00edsica, \u00d3ptica y Electr\u00f3nica (INAOE). La directora general del Itescan, Nancy Mar\u00eda [&hellip;]<\/p>\n","protected":false},"author":2,"featured_media":231239,"comment_status":"closed","ping_status":"closed","sticky":false,"template":"","format":"standard","meta":{"footnotes":""},"categories":[178],"tags":[12869],"class_list":["post-231238","post","type-post","status-publish","format-standard","has-post-thumbnail","hentry","category-local","tag-local"],"jetpack_featured_media_url":"https:\/\/rnoticias.com.mx\/Portal\/wp-content\/uploads\/2025\/10\/911.jpg","amp_enabled":true,"_links":{"self":[{"href":"https:\/\/rnoticias.com.mx\/Portal\/wp-json\/wp\/v2\/posts\/231238","targetHints":{"allow":["GET"]}}],"collection":[{"href":"https:\/\/rnoticias.com.mx\/Portal\/wp-json\/wp\/v2\/posts"}],"about":[{"href":"https:\/\/rnoticias.com.mx\/Portal\/wp-json\/wp\/v2\/types\/post"}],"author":[{"embeddable":true,"href":"https:\/\/rnoticias.com.mx\/Portal\/wp-json\/wp\/v2\/users\/2"}],"replies":[{"embeddable":true,"href":"https:\/\/rnoticias.com.mx\/Portal\/wp-json\/wp\/v2\/comments?post=231238"}],"version-history":[{"count":1,"href":"https:\/\/rnoticias.com.mx\/Portal\/wp-json\/wp\/v2\/posts\/231238\/revisions"}],"predecessor-version":[{"id":231240,"href":"https:\/\/rnoticias.com.mx\/Portal\/wp-json\/wp\/v2\/posts\/231238\/revisions\/231240"}],"wp:featuredmedia":[{"embeddable":true,"href":"https:\/\/rnoticias.com.mx\/Portal\/wp-json\/wp\/v2\/media\/231239"}],"wp:attachment":[{"href":"https:\/\/rnoticias.com.mx\/Portal\/wp-json\/wp\/v2\/media?parent=231238"}],"wp:term":[{"taxonomy":"category","embeddable":true,"href":"https:\/\/rnoticias.com.mx\/Portal\/wp-json\/wp\/v2\/categories?post=231238"},{"taxonomy":"post_tag","embeddable":true,"href":"https:\/\/rnoticias.com.mx\/Portal\/wp-json\/wp\/v2\/tags?post=231238"}],"curies":[{"name":"wp","href":"https:\/\/api.w.org\/{rel}","templated":true}]}}